{"id":4335,"date":"2026-04-20T16:11:33","date_gmt":"2026-04-20T16:11:33","guid":{"rendered":"https:\/\/dominiopolitico.mx\/?p=4335"},"modified":"2026-04-20T16:11:43","modified_gmt":"2026-04-20T16:11:43","slug":"ray-cuautli-encabeza-asamblea-avanzan-mejoras-educativas-en-cholula","status":"publish","type":"post","link":"https:\/\/dominiopolitico.mx\/index.php\/2026\/04\/20\/ray-cuautli-encabeza-asamblea-avanzan-mejoras-educativas-en-cholula\/","title":{"rendered":"Ray Cuautli encabeza asamblea; avanzan mejoras educativas en Cholula"},"content":{"rendered":"\n<p><\/p>\n\n\n\n<p><strong>San Andr\u00e9s Cholula, Pue.\u2014<\/strong> En la escuela Jos\u00e9 Vasconcelos, ubicada en la colonia Emiliano Zapata, el delegado de Bienestar de las Cholulas, Ray Cuautli, encabez\u00f3 una asamblea comunitaria donde vecinas y vecinos aprobaron, con 93 votos, la dignificaci\u00f3n de aulas.<\/p>\n\n\n\n<p><br>La decisi\u00f3n fue tomada de manera directa por la comunidad, priorizando acciones para mejorar las condiciones de aprendizaje de ni\u00f1as y ni\u00f1os.<\/p>\n\n\n\n<p><br>Estas acciones forman parte del programa de Obra Comunitaria, que permite a la ciudadan\u00eda definir el destino de los recursos p\u00fablicos y atender necesidades reales en sus comunidades.<\/p>\n\n\n\n<p><br>Este modelo fortalece la participaci\u00f3n social y acerca el bienestar a las familias, en l\u00ednea con la visi\u00f3n del gobernador Alejandro Armenta.<\/p>\n\n\n\n<p><\/p>\n","protected":false},"excerpt":{"rendered":"<p>San Andr\u00e9s Cholula, Pue.\u2014 En la escuela Jos\u00e9 Vasconcelos, ubicada en la colonia Emiliano Zapata, el delegado de Bienestar de las Cholulas, Ray Cuautli, encabez\u00f3 una asamblea comunitaria donde vecinas&hellip; <\/p>\n","protected":false},"author":2,"featured_media":4336,"comment_status":"open","ping_status":"closed","sticky":false,"template":"","format":"standard","meta":{"footnotes":""},"categories":[1596],"tags":[1597],"class_list":["post-4335","post","type-post","status-publish","format-standard","has-post-thumbnail","hentry","category-bienestar","tag-ray-cuautli"],"yoast_head":"<!-- This site is optimized with the Yoast SEO plugin v25.4 - https:\/\/yoast.com\/wordpress\/plugins\/seo\/ -->\n<title>Ray Cuautli encabeza asamblea; avanzan mejoras educativas en Cholula - Revista Dominio Pol\u00edtico Mx<\/title>\n<meta name=\"description\" content=\"En la escuela Jos\u00e9 Vasconcelos, ubicada en la colonia Emiliano Zapata, el delegado de Bienestar de las Cholulas, Ray Cuautli, encabez\u00f3 una asamblea comunitaria donde vecinas y vecinos aprobaron, con 93 votos, la dignificaci\u00f3n de aulas.\" \/>\n<meta name=\"robots\" content=\"index, follow, max-snippet:-1, max-image-preview:large, max-video-preview:-1\" \/>\n<link rel=\"canonical\" href=\"https:\/\/dominiopolitico.mx\/index.php\/2026\/04\/20\/ray-cuautli-encabeza-asamblea-avanzan-mejoras-educativas-en-cholula\/\" \/>\n<meta property=\"og:locale\" content=\"es_ES\" \/>\n<meta property=\"og:type\" content=\"article\" \/>\n<meta property=\"og:title\" content=\"Ray Cuautli encabeza asamblea; avanzan mejoras educativas en Cholula - Revista Dominio Pol\u00edtico Mx\" \/>\n<meta property=\"og:description\" content=\"En la escuela Jos\u00e9 Vasconcelos, ubicada en la colonia Emiliano Zapata, el delegado de Bienestar de las Cholulas, Ray Cuautli, encabez\u00f3 una asamblea comunitaria donde vecinas y vecinos aprobaron, con 93 votos, la dignificaci\u00f3n de aulas.\" \/>\n<meta property=\"og:url\" content=\"https:\/\/dominiopolitico.mx\/index.php\/2026\/04\/20\/ray-cuautli-encabeza-asamblea-avanzan-mejoras-educativas-en-cholula\/\" \/>\n<meta property=\"og:site_name\" content=\"Revista Dominio Pol\u00edtico Mx\" \/>\n<meta property=\"article:published_time\" content=\"2026-04-20T16:11:33+00:00\" \/>\n<meta property=\"article:modified_time\" content=\"2026-04-20T16:11:43+00:00\" \/>\n<meta property=\"og:image\" content=\"https:\/\/dominiopolitico.mx\/wp-content\/uploads\/2026\/04\/DOMINIO-POLITICO-MX-WEB-1-4-1886x1080.png\" \/>\n\t<meta property=\"og:image:width\" content=\"1886\" \/>\n\t<meta property=\"og:image:height\" content=\"1080\" \/>\n\t<meta property=\"og:image:type\" content=\"image\/png\" \/>\n<meta name=\"author\" content=\"Daniela\" \/>\n<meta name=\"twitter:card\" content=\"summary_large_image\" \/>\n<meta name=\"twitter:label1\" content=\"Escrito por\" \/>\n\t<meta name=\"twitter:data1\" content=\"Daniela\" \/>\n\t<meta name=\"twitter:label2\" content=\"Tiempo de lectura\" \/>\n\t<meta name=\"twitter:data2\" content=\"1 minuto\" \/>\n<script type=\"application\/ld+json\" class=\"yoast-schema-graph\">{\"@context\":\"https:\/\/schema.org\",\"@graph\":[{\"@type\":\"WebPage\",\"@id\":\"https:\/\/dominiopolitico.mx\/index.php\/2026\/04\/20\/ray-cuautli-encabeza-asamblea-avanzan-mejoras-educativas-en-cholula\/\",\"url\":\"https:\/\/dominiopolitico.mx\/index.php\/2026\/04\/20\/ray-cuautli-encabeza-asamblea-avanzan-mejoras-educativas-en-cholula\/\",\"name\":\"Ray Cuautli encabeza asamblea; avanzan mejoras educativas en Cholula - Revista Dominio Pol\u00edtico Mx\",\"isPartOf\":{\"@id\":\"https:\/\/dominiopolitico.mx\/#website\"},\"primaryImageOfPage\":{\"@id\":\"https:\/\/dominiopolitico.mx\/index.php\/2026\/04\/20\/ray-cuautli-encabeza-asamblea-avanzan-mejoras-educativas-en-cholula\/#primaryimage\"},\"image\":{\"@id\":\"https:\/\/dominiopolitico.mx\/index.php\/2026\/04\/20\/ray-cuautli-encabeza-asamblea-avanzan-mejoras-educativas-en-cholula\/#primaryimage\"},\"thumbnailUrl\":\"https:\/\/dominiopolitico.mx\/wp-content\/uploads\/2026\/04\/DOMINIO-POLITICO-MX-WEB-1-4.png\",\"datePublished\":\"2026-04-20T16:11:33+00:00\",\"dateModified\":\"2026-04-20T16:11:43+00:00\",\"author\":{\"@id\":\"https:\/\/dominiopolitico.mx\/#\/schema\/person\/9039ed9338d1ecbe0fd9dea650cbf631\"},\"description\":\"En la escuela Jos\u00e9 Vasconcelos, ubicada en la colonia Emiliano Zapata, el delegado de Bienestar de las Cholulas, Ray Cuautli, encabez\u00f3 una asamblea comunitaria donde vecinas y vecinos aprobaron, con 93 votos, la dignificaci\u00f3n de aulas.\",\"breadcrumb\":{\"@id\":\"https:\/\/dominiopolitico.mx\/index.php\/2026\/04\/20\/ray-cuautli-encabeza-asamblea-avanzan-mejoras-educativas-en-cholula\/#breadcrumb\"},\"inLanguage\":\"es\",\"potentialAction\":[{\"@type\":\"ReadAction\",\"target\":[\"https:\/\/dominiopolitico.mx\/index.php\/2026\/04\/20\/ray-cuautli-encabeza-asamblea-avanzan-mejoras-educativas-en-cholula\/\"]}]},{\"@type\":\"ImageObject\",\"inLanguage\":\"es\",\"@id\":\"https:\/\/dominiopolitico.mx\/index.php\/2026\/04\/20\/ray-cuautli-encabeza-asamblea-avanzan-mejoras-educativas-en-cholula\/#primaryimage\",\"url\":\"https:\/\/dominiopolitico.mx\/wp-content\/uploads\/2026\/04\/DOMINIO-POLITICO-MX-WEB-1-4.png\",\"contentUrl\":\"https:\/\/dominiopolitico.mx\/wp-content\/uploads\/2026\/04\/DOMINIO-POLITICO-MX-WEB-1-4.png\",\"width\":2000,\"height\":1145},{\"@type\":\"BreadcrumbList\",\"@id\":\"https:\/\/dominiopolitico.mx\/index.php\/2026\/04\/20\/ray-cuautli-encabeza-asamblea-avanzan-mejoras-educativas-en-cholula\/#breadcrumb\",\"itemListElement\":[{\"@type\":\"ListItem\",\"position\":1,\"name\":\"Portada\",\"item\":\"https:\/\/dominiopolitico.mx\/\"},{\"@type\":\"ListItem\",\"position\":2,\"name\":\"Ray Cuautli encabeza asamblea; avanzan mejoras educativas en Cholula\"}]},{\"@type\":\"WebSite\",\"@id\":\"https:\/\/dominiopolitico.mx\/#website\",\"url\":\"https:\/\/dominiopolitico.mx\/\",\"name\":\"Revista Dominio Pol\u00edtico Mx\",\"description\":\"La estrategia detr\u00e1s del juego\",\"potentialAction\":[{\"@type\":\"SearchAction\",\"target\":{\"@type\":\"EntryPoint\",\"urlTemplate\":\"https:\/\/dominiopolitico.mx\/?s={search_term_string}\"},\"query-input\":{\"@type\":\"PropertyValueSpecification\",\"valueRequired\":true,\"valueName\":\"search_term_string\"}}],\"inLanguage\":\"es\"},{\"@type\":\"Person\",\"@id\":\"https:\/\/dominiopolitico.mx\/#\/schema\/person\/9039ed9338d1ecbe0fd9dea650cbf631\",\"name\":\"Daniela\",\"image\":{\"@type\":\"ImageObject\",\"inLanguage\":\"es\",\"@id\":\"https:\/\/dominiopolitico.mx\/#\/schema\/person\/image\/\",\"url\":\"https:\/\/secure.gravatar.com\/avatar\/0aa38a3cfb86bac1c718c050b6f2506233b3ccee810ad02e926dd138373f50a3?s=96&d=mm&r=g\",\"contentUrl\":\"https:\/\/secure.gravatar.com\/avatar\/0aa38a3cfb86bac1c718c050b6f2506233b3ccee810ad02e926dd138373f50a3?s=96&d=mm&r=g\",\"caption\":\"Daniela\"},\"url\":\"https:\/\/dominiopolitico.mx\/index.php\/author\/staff\/\"}]}<\/script>\n<!-- \/ Yoast SEO plugin. -->","yoast_head_json":{"title":"Ray Cuautli encabeza asamblea; avanzan mejoras educativas en Cholula - Revista Dominio Pol\u00edtico Mx","description":"En la escuela Jos\u00e9 Vasconcelos, ubicada en la colonia Emiliano Zapata, el delegado de Bienestar de las Cholulas, Ray Cuautli, encabez\u00f3 una asamblea comunitaria donde vecinas y vecinos aprobaron, con 93 votos, la dignificaci\u00f3n de aulas.","robots":{"index":"index","follow":"follow","max-snippet":"max-snippet:-1","max-image-preview":"max-image-preview:large","max-video-preview":"max-video-preview:-1"},"canonical":"https:\/\/dominiopolitico.mx\/index.php\/2026\/04\/20\/ray-cuautli-encabeza-asamblea-avanzan-mejoras-educativas-en-cholula\/","og_locale":"es_ES","og_type":"article","og_title":"Ray Cuautli encabeza asamblea; avanzan mejoras educativas en Cholula - Revista Dominio Pol\u00edtico Mx","og_description":"En la escuela Jos\u00e9 Vasconcelos, ubicada en la colonia Emiliano Zapata, el delegado de Bienestar de las Cholulas, Ray Cuautli, encabez\u00f3 una asamblea comunitaria donde vecinas y vecinos aprobaron, con 93 votos, la dignificaci\u00f3n de aulas.","og_url":"https:\/\/dominiopolitico.mx\/index.php\/2026\/04\/20\/ray-cuautli-encabeza-asamblea-avanzan-mejoras-educativas-en-cholula\/","og_site_name":"Revista Dominio Pol\u00edtico Mx","article_published_time":"2026-04-20T16:11:33+00:00","article_modified_time":"2026-04-20T16:11:43+00:00","og_image":[{"width":1886,"height":1080,"url":"https:\/\/dominiopolitico.mx\/wp-content\/uploads\/2026\/04\/DOMINIO-POLITICO-MX-WEB-1-4-1886x1080.png","type":"image\/png"}],"author":"Daniela","twitter_card":"summary_large_image","twitter_misc":{"Escrito por":"Daniela","Tiempo de lectura":"1 minuto"},"schema":{"@context":"https:\/\/schema.org","@graph":[{"@type":"WebPage","@id":"https:\/\/dominiopolitico.mx\/index.php\/2026\/04\/20\/ray-cuautli-encabeza-asamblea-avanzan-mejoras-educativas-en-cholula\/","url":"https:\/\/dominiopolitico.mx\/index.php\/2026\/04\/20\/ray-cuautli-encabeza-asamblea-avanzan-mejoras-educativas-en-cholula\/","name":"Ray Cuautli encabeza asamblea; avanzan mejoras educativas en Cholula - Revista Dominio Pol\u00edtico Mx","isPartOf":{"@id":"https:\/\/dominiopolitico.mx\/#website"},"primaryImageOfPage":{"@id":"https:\/\/dominiopolitico.mx\/index.php\/2026\/04\/20\/ray-cuautli-encabeza-asamblea-avanzan-mejoras-educativas-en-cholula\/#primaryimage"},"image":{"@id":"https:\/\/dominiopolitico.mx\/index.php\/2026\/04\/20\/ray-cuautli-encabeza-asamblea-avanzan-mejoras-educativas-en-cholula\/#primaryimage"},"thumbnailUrl":"https:\/\/dominiopolitico.mx\/wp-content\/uploads\/2026\/04\/DOMINIO-POLITICO-MX-WEB-1-4.png","datePublished":"2026-04-20T16:11:33+00:00","dateModified":"2026-04-20T16:11:43+00:00","author":{"@id":"https:\/\/dominiopolitico.mx\/#\/schema\/person\/9039ed9338d1ecbe0fd9dea650cbf631"},"description":"En la escuela Jos\u00e9 Vasconcelos, ubicada en la colonia Emiliano Zapata, el delegado de Bienestar de las Cholulas, Ray Cuautli, encabez\u00f3 una asamblea comunitaria donde vecinas y vecinos aprobaron, con 93 votos, la dignificaci\u00f3n de aulas.","breadcrumb":{"@id":"https:\/\/dominiopolitico.mx\/index.php\/2026\/04\/20\/ray-cuautli-encabeza-asamblea-avanzan-mejoras-educativas-en-cholula\/#breadcrumb"},"inLanguage":"es","potentialAction":[{"@type":"ReadAction","target":["https:\/\/dominiopolitico.mx\/index.php\/2026\/04\/20\/ray-cuautli-encabeza-asamblea-avanzan-mejoras-educativas-en-cholula\/"]}]},{"@type":"ImageObject","inLanguage":"es","@id":"https:\/\/dominiopolitico.mx\/index.php\/2026\/04\/20\/ray-cuautli-encabeza-asamblea-avanzan-mejoras-educativas-en-cholula\/#primaryimage","url":"https:\/\/dominiopolitico.mx\/wp-content\/uploads\/2026\/04\/DOMINIO-POLITICO-MX-WEB-1-4.png","contentUrl":"https:\/\/dominiopolitico.mx\/wp-content\/uploads\/2026\/04\/DOMINIO-POLITICO-MX-WEB-1-4.png","width":2000,"height":1145},{"@type":"BreadcrumbList","@id":"https:\/\/dominiopolitico.mx\/index.php\/2026\/04\/20\/ray-cuautli-encabeza-asamblea-avanzan-mejoras-educativas-en-cholula\/#breadcrumb","itemListElement":[{"@type":"ListItem","position":1,"name":"Portada","item":"https:\/\/dominiopolitico.mx\/"},{"@type":"ListItem","position":2,"name":"Ray Cuautli encabeza asamblea; avanzan mejoras educativas en Cholula"}]},{"@type":"WebSite","@id":"https:\/\/dominiopolitico.mx\/#website","url":"https:\/\/dominiopolitico.mx\/","name":"Revista Dominio Pol\u00edtico Mx","description":"La estrategia detr\u00e1s del juego","potentialAction":[{"@type":"SearchAction","target":{"@type":"EntryPoint","urlTemplate":"https:\/\/dominiopolitico.mx\/?s={search_term_string}"},"query-input":{"@type":"PropertyValueSpecification","valueRequired":true,"valueName":"search_term_string"}}],"inLanguage":"es"},{"@type":"Person","@id":"https:\/\/dominiopolitico.mx\/#\/schema\/person\/9039ed9338d1ecbe0fd9dea650cbf631","name":"Daniela","image":{"@type":"ImageObject","inLanguage":"es","@id":"https:\/\/dominiopolitico.mx\/#\/schema\/person\/image\/","url":"https:\/\/secure.gravatar.com\/avatar\/0aa38a3cfb86bac1c718c050b6f2506233b3ccee810ad02e926dd138373f50a3?s=96&d=mm&r=g","contentUrl":"https:\/\/secure.gravatar.com\/avatar\/0aa38a3cfb86bac1c718c050b6f2506233b3ccee810ad02e926dd138373f50a3?s=96&d=mm&r=g","caption":"Daniela"},"url":"https:\/\/dominiopolitico.mx\/index.php\/author\/staff\/"}]}},"_links":{"self":[{"href":"https:\/\/dominiopolitico.mx\/index.php\/wp-json\/wp\/v2\/posts\/4335","targetHints":{"allow":["GET"]}}],"collection":[{"href":"https:\/\/dominiopolitico.mx\/index.php\/wp-json\/wp\/v2\/posts"}],"about":[{"href":"https:\/\/dominiopolitico.mx\/index.php\/wp-json\/wp\/v2\/types\/post"}],"author":[{"embeddable":true,"href":"https:\/\/dominiopolitico.mx\/index.php\/wp-json\/wp\/v2\/users\/2"}],"replies":[{"embeddable":true,"href":"https:\/\/dominiopolitico.mx\/index.php\/wp-json\/wp\/v2\/comments?post=4335"}],"version-history":[{"count":2,"href":"https:\/\/dominiopolitico.mx\/index.php\/wp-json\/wp\/v2\/posts\/4335\/revisions"}],"predecessor-version":[{"id":4338,"href":"https:\/\/dominiopolitico.mx\/index.php\/wp-json\/wp\/v2\/posts\/4335\/revisions\/4338"}],"wp:featuredmedia":[{"embeddable":true,"href":"https:\/\/dominiopolitico.mx\/index.php\/wp-json\/wp\/v2\/media\/4336"}],"wp:attachment":[{"href":"https:\/\/dominiopolitico.mx\/index.php\/wp-json\/wp\/v2\/media?parent=4335"}],"wp:term":[{"taxonomy":"category","embeddable":true,"href":"https:\/\/dominiopolitico.mx\/index.php\/wp-json\/wp\/v2\/categories?post=4335"},{"taxonomy":"post_tag","embeddable":true,"href":"https:\/\/dominiopolitico.mx\/index.php\/wp-json\/wp\/v2\/tags?post=4335"}],"curies":[{"name":"wp","href":"https:\/\/api.w.org\/{rel}","templated":true}]}}