{"id":4339,"date":"2026-04-20T16:24:17","date_gmt":"2026-04-20T16:24:17","guid":{"rendered":"https:\/\/dominiopolitico.mx\/?p=4339"},"modified":"2026-04-20T16:24:57","modified_gmt":"2026-04-20T16:24:57","slug":"gobierno-de-san-andres-cholula-y-sector-privado-se-unen-para-abrir-oportunidades-laborales-a-personas-con-discapacidad","status":"publish","type":"post","link":"https:\/\/dominiopolitico.mx\/index.php\/2026\/04\/20\/gobierno-de-san-andres-cholula-y-sector-privado-se-unen-para-abrir-oportunidades-laborales-a-personas-con-discapacidad\/","title":{"rendered":"Gobierno de San Andr\u00e9s Cholula y sector privado se unen para abrir oportunidades laborales a personas con discapacidad"},"content":{"rendered":"\n<p><\/p>\n\n\n\n<p><strong>San Andr\u00e9s Cholula, Puebla. &#8211; <\/strong>Lupita Cuautle, presidenta municipal, firm\u00f3 un convenio de colaboraci\u00f3n con el sector privado a fin de fortalecer la inclusi\u00f3n laboral de personas con discapacidad.<\/p>\n\n\n\n<p>En su mensaje, la edil reconoci\u00f3 que la inclusi\u00f3n laboral para este sector de la poblaci\u00f3n implica retos importantes; sin embargo, destac\u00f3 la disposici\u00f3n del sector privado para sumarse a este esfuerzo.<\/p>\n\n\n\n<p>\u201cSabemos que no es sencillo abrir espacios de trabajo incluyentes, pero hoy reconocemos a empresas como Oxxo, Cinia y Conkretar por dar un paso juntos con el gobierno de San Andr\u00e9s Cholula y generar oportunidades reales de empleo que trasforman vidas\u201d, expres\u00f3.<\/p>\n\n\n\n<p>Asimismo, subray\u00f3 que este convenio representa un avance significativo para construir un municipio m\u00e1s justo, donde todas las personas tengan acceso a oportunidades en condiciones de igualdad.<\/p>\n\n\n\n<p>Por su parte, Aurora Tlatehui Cuautle, directora general del Sistema Municipal DIF (SMDIF), inform\u00f3 que la estrategia contempla la integraci\u00f3n efectiva al mercado laboral mediante bolsas de trabajo, as\u00ed como formaci\u00f3n profesional, capacitaci\u00f3n continua y adecuaci\u00f3n de espacios conforme a las necesidades espec\u00edficas de cada persona.<\/p>\n\n\n\n<p>En el acto protocolario participaron Rodrigo C\u00f3rdoba Garc\u00eda, director general de Conkretar; Virginia Z\u00e1rate Vel\u00e1zquez, gerente de Recursos Humanos de CINIA y Ra\u00fal Zer\u00f3n de la gerencia de operaciones de OXXO regi\u00f3n Puebla, quienes coincidieron que la funci\u00f3n esencial, m\u00e1s all\u00e1 de la actividad econ\u00f3mica, radica en la importancia de asumir la inclusi\u00f3n como un valor estrat\u00e9gico que fortalece a la sociedad, promoviendo entornos laborales estructurados y respetuosos.<\/p>\n\n\n\n<p>Con estas acciones, el Gobierno Municipal genera modelos de colaboraci\u00f3n que permiten impulsar la autonom\u00eda, el desarrollo profesional y la construcci\u00f3n de proyectos de vida dignos, as\u00ed como garantizar el acceso pleno a los derechos humanos de la poblaci\u00f3n.<\/p>\n\n\n\n<p><\/p>\n","protected":false},"excerpt":{"rendered":"<p>San Andr\u00e9s Cholula, Puebla. &#8211; Lupita Cuautle, presidenta municipal, firm\u00f3 un convenio de colaboraci\u00f3n con el sector privado a fin de fortalecer la inclusi\u00f3n laboral de personas con discapacidad. En&hellip; <\/p>\n","protected":false},"author":2,"featured_media":4340,"comment_status":"open","ping_status":"closed","sticky":false,"template":"","format":"standard","meta":{"footnotes":""},"categories":[112],"tags":[1603,1602,74,1601,1600,75],"class_list":["post-4339","post","type-post","status-publish","format-standard","has-post-thumbnail","hentry","category-san-andres-cholula-2","tag-cinia","tag-conkretar","tag-lupita-cuautle","tag-oxxo","tag-personas-con-discapacidad","tag-san-andres-cholula"],"yoast_head":"<!-- This site is optimized with the Yoast SEO plugin v25.4 - https:\/\/yoast.com\/wordpress\/plugins\/seo\/ -->\n<title>Gobierno de San Andr\u00e9s Cholula y sector privado se unen para abrir oportunidades laborales a personas con discapacidad - Revista Dominio Pol\u00edtico Mx<\/title>\n<meta name=\"description\" content=\"Lupita Cuautle, presidenta municipal, firm\u00f3 un convenio de colaboraci\u00f3n con el sector privado a fin de fortalecer la inclusi\u00f3n laboral de personas con discapacidad.\" \/>\n<meta name=\"robots\" content=\"index, follow, max-snippet:-1, max-image-preview:large, max-video-preview:-1\" \/>\n<link rel=\"canonical\" href=\"https:\/\/dominiopolitico.mx\/index.php\/2026\/04\/20\/gobierno-de-san-andres-cholula-y-sector-privado-se-unen-para-abrir-oportunidades-laborales-a-personas-con-discapacidad\/\" \/>\n<meta property=\"og:locale\" content=\"es_ES\" \/>\n<meta property=\"og:type\" content=\"article\" \/>\n<meta property=\"og:title\" content=\"Gobierno de San Andr\u00e9s Cholula y sector privado se unen para abrir oportunidades laborales a personas con discapacidad - Revista Dominio Pol\u00edtico Mx\" \/>\n<meta property=\"og:description\" content=\"Lupita Cuautle, presidenta municipal, firm\u00f3 un convenio de colaboraci\u00f3n con el sector privado a fin de fortalecer la inclusi\u00f3n laboral de personas con discapacidad.\" \/>\n<meta property=\"og:url\" content=\"https:\/\/dominiopolitico.mx\/index.php\/2026\/04\/20\/gobierno-de-san-andres-cholula-y-sector-privado-se-unen-para-abrir-oportunidades-laborales-a-personas-con-discapacidad\/\" \/>\n<meta property=\"og:site_name\" content=\"Revista Dominio Pol\u00edtico Mx\" \/>\n<meta property=\"article:published_time\" content=\"2026-04-20T16:24:17+00:00\" \/>\n<meta property=\"article:modified_time\" content=\"2026-04-20T16:24:57+00:00\" \/>\n<meta property=\"og:image\" content=\"https:\/\/dominiopolitico.mx\/wp-content\/uploads\/2026\/04\/DOMINIO-POLITICO-MX-WEB-2-4-1886x1080.png\" \/>\n\t<meta property=\"og:image:width\" content=\"1886\" \/>\n\t<meta property=\"og:image:height\" content=\"1080\" \/>\n\t<meta property=\"og:image:type\" content=\"image\/png\" \/>\n<meta name=\"author\" content=\"Daniela\" \/>\n<meta name=\"twitter:card\" content=\"summary_large_image\" \/>\n<meta name=\"twitter:label1\" content=\"Escrito por\" \/>\n\t<meta name=\"twitter:data1\" content=\"Daniela\" \/>\n\t<meta name=\"twitter:label2\" content=\"Tiempo de lectura\" \/>\n\t<meta name=\"twitter:data2\" content=\"2 minutos\" \/>\n<script type=\"application\/ld+json\" class=\"yoast-schema-graph\">{\"@context\":\"https:\/\/schema.org\",\"@graph\":[{\"@type\":\"WebPage\",\"@id\":\"https:\/\/dominiopolitico.mx\/index.php\/2026\/04\/20\/gobierno-de-san-andres-cholula-y-sector-privado-se-unen-para-abrir-oportunidades-laborales-a-personas-con-discapacidad\/\",\"url\":\"https:\/\/dominiopolitico.mx\/index.php\/2026\/04\/20\/gobierno-de-san-andres-cholula-y-sector-privado-se-unen-para-abrir-oportunidades-laborales-a-personas-con-discapacidad\/\",\"name\":\"Gobierno de San Andr\u00e9s Cholula y sector privado se unen para abrir oportunidades laborales a personas con discapacidad - Revista Dominio Pol\u00edtico Mx\",\"isPartOf\":{\"@id\":\"https:\/\/dominiopolitico.mx\/#website\"},\"primaryImageOfPage\":{\"@id\":\"https:\/\/dominiopolitico.mx\/index.php\/2026\/04\/20\/gobierno-de-san-andres-cholula-y-sector-privado-se-unen-para-abrir-oportunidades-laborales-a-personas-con-discapacidad\/#primaryimage\"},\"image\":{\"@id\":\"https:\/\/dominiopolitico.mx\/index.php\/2026\/04\/20\/gobierno-de-san-andres-cholula-y-sector-privado-se-unen-para-abrir-oportunidades-laborales-a-personas-con-discapacidad\/#primaryimage\"},\"thumbnailUrl\":\"https:\/\/dominiopolitico.mx\/wp-content\/uploads\/2026\/04\/DOMINIO-POLITICO-MX-WEB-2-4.png\",\"datePublished\":\"2026-04-20T16:24:17+00:00\",\"dateModified\":\"2026-04-20T16:24:57+00:00\",\"author\":{\"@id\":\"https:\/\/dominiopolitico.mx\/#\/schema\/person\/9039ed9338d1ecbe0fd9dea650cbf631\"},\"description\":\"Lupita Cuautle, presidenta municipal, firm\u00f3 un convenio de colaboraci\u00f3n con el sector privado a fin de fortalecer la inclusi\u00f3n laboral de personas con discapacidad.\",\"breadcrumb\":{\"@id\":\"https:\/\/dominiopolitico.mx\/index.php\/2026\/04\/20\/gobierno-de-san-andres-cholula-y-sector-privado-se-unen-para-abrir-oportunidades-laborales-a-personas-con-discapacidad\/#breadcrumb\"},\"inLanguage\":\"es\",\"potentialAction\":[{\"@type\":\"ReadAction\",\"target\":[\"https:\/\/dominiopolitico.mx\/index.php\/2026\/04\/20\/gobierno-de-san-andres-cholula-y-sector-privado-se-unen-para-abrir-oportunidades-laborales-a-personas-con-discapacidad\/\"]}]},{\"@type\":\"ImageObject\",\"inLanguage\":\"es\",\"@id\":\"https:\/\/dominiopolitico.mx\/index.php\/2026\/04\/20\/gobierno-de-san-andres-cholula-y-sector-privado-se-unen-para-abrir-oportunidades-laborales-a-personas-con-discapacidad\/#primaryimage\",\"url\":\"https:\/\/dominiopolitico.mx\/wp-content\/uploads\/2026\/04\/DOMINIO-POLITICO-MX-WEB-2-4.png\",\"contentUrl\":\"https:\/\/dominiopolitico.mx\/wp-content\/uploads\/2026\/04\/DOMINIO-POLITICO-MX-WEB-2-4.png\",\"width\":2000,\"height\":1145},{\"@type\":\"BreadcrumbList\",\"@id\":\"https:\/\/dominiopolitico.mx\/index.php\/2026\/04\/20\/gobierno-de-san-andres-cholula-y-sector-privado-se-unen-para-abrir-oportunidades-laborales-a-personas-con-discapacidad\/#breadcrumb\",\"itemListElement\":[{\"@type\":\"ListItem\",\"position\":1,\"name\":\"Portada\",\"item\":\"https:\/\/dominiopolitico.mx\/\"},{\"@type\":\"ListItem\",\"position\":2,\"name\":\"Gobierno de San Andr\u00e9s Cholula y sector privado se unen para abrir oportunidades laborales a personas con discapacidad\"}]},{\"@type\":\"WebSite\",\"@id\":\"https:\/\/dominiopolitico.mx\/#website\",\"url\":\"https:\/\/dominiopolitico.mx\/\",\"name\":\"Revista Dominio Pol\u00edtico Mx\",\"description\":\"La estrategia detr\u00e1s del juego\",\"potentialAction\":[{\"@type\":\"SearchAction\",\"target\":{\"@type\":\"EntryPoint\",\"urlTemplate\":\"https:\/\/dominiopolitico.mx\/?s={search_term_string}\"},\"query-input\":{\"@type\":\"PropertyValueSpecification\",\"valueRequired\":true,\"valueName\":\"search_term_string\"}}],\"inLanguage\":\"es\"},{\"@type\":\"Person\",\"@id\":\"https:\/\/dominiopolitico.mx\/#\/schema\/person\/9039ed9338d1ecbe0fd9dea650cbf631\",\"name\":\"Daniela\",\"image\":{\"@type\":\"ImageObject\",\"inLanguage\":\"es\",\"@id\":\"https:\/\/dominiopolitico.mx\/#\/schema\/person\/image\/\",\"url\":\"https:\/\/secure.gravatar.com\/avatar\/0aa38a3cfb86bac1c718c050b6f2506233b3ccee810ad02e926dd138373f50a3?s=96&d=mm&r=g\",\"contentUrl\":\"https:\/\/secure.gravatar.com\/avatar\/0aa38a3cfb86bac1c718c050b6f2506233b3ccee810ad02e926dd138373f50a3?s=96&d=mm&r=g\",\"caption\":\"Daniela\"},\"url\":\"https:\/\/dominiopolitico.mx\/index.php\/author\/staff\/\"}]}<\/script>\n<!-- \/ Yoast SEO plugin. -->","yoast_head_json":{"title":"Gobierno de San Andr\u00e9s Cholula y sector privado se unen para abrir oportunidades laborales a personas con discapacidad - Revista Dominio Pol\u00edtico Mx","description":"Lupita Cuautle, presidenta municipal, firm\u00f3 un convenio de colaboraci\u00f3n con el sector privado a fin de fortalecer la inclusi\u00f3n laboral de personas con discapacidad.","robots":{"index":"index","follow":"follow","max-snippet":"max-snippet:-1","max-image-preview":"max-image-preview:large","max-video-preview":"max-video-preview:-1"},"canonical":"https:\/\/dominiopolitico.mx\/index.php\/2026\/04\/20\/gobierno-de-san-andres-cholula-y-sector-privado-se-unen-para-abrir-oportunidades-laborales-a-personas-con-discapacidad\/","og_locale":"es_ES","og_type":"article","og_title":"Gobierno de San Andr\u00e9s Cholula y sector privado se unen para abrir oportunidades laborales a personas con discapacidad - Revista Dominio Pol\u00edtico Mx","og_description":"Lupita Cuautle, presidenta municipal, firm\u00f3 un convenio de colaboraci\u00f3n con el sector privado a fin de fortalecer la inclusi\u00f3n laboral de personas con discapacidad.","og_url":"https:\/\/dominiopolitico.mx\/index.php\/2026\/04\/20\/gobierno-de-san-andres-cholula-y-sector-privado-se-unen-para-abrir-oportunidades-laborales-a-personas-con-discapacidad\/","og_site_name":"Revista Dominio Pol\u00edtico Mx","article_published_time":"2026-04-20T16:24:17+00:00","article_modified_time":"2026-04-20T16:24:57+00:00","og_image":[{"width":1886,"height":1080,"url":"https:\/\/dominiopolitico.mx\/wp-content\/uploads\/2026\/04\/DOMINIO-POLITICO-MX-WEB-2-4-1886x1080.png","type":"image\/png"}],"author":"Daniela","twitter_card":"summary_large_image","twitter_misc":{"Escrito por":"Daniela","Tiempo de lectura":"2 minutos"},"schema":{"@context":"https:\/\/schema.org","@graph":[{"@type":"WebPage","@id":"https:\/\/dominiopolitico.mx\/index.php\/2026\/04\/20\/gobierno-de-san-andres-cholula-y-sector-privado-se-unen-para-abrir-oportunidades-laborales-a-personas-con-discapacidad\/","url":"https:\/\/dominiopolitico.mx\/index.php\/2026\/04\/20\/gobierno-de-san-andres-cholula-y-sector-privado-se-unen-para-abrir-oportunidades-laborales-a-personas-con-discapacidad\/","name":"Gobierno de San Andr\u00e9s Cholula y sector privado se unen para abrir oportunidades laborales a personas con discapacidad - Revista Dominio Pol\u00edtico Mx","isPartOf":{"@id":"https:\/\/dominiopolitico.mx\/#website"},"primaryImageOfPage":{"@id":"https:\/\/dominiopolitico.mx\/index.php\/2026\/04\/20\/gobierno-de-san-andres-cholula-y-sector-privado-se-unen-para-abrir-oportunidades-laborales-a-personas-con-discapacidad\/#primaryimage"},"image":{"@id":"https:\/\/dominiopolitico.mx\/index.php\/2026\/04\/20\/gobierno-de-san-andres-cholula-y-sector-privado-se-unen-para-abrir-oportunidades-laborales-a-personas-con-discapacidad\/#primaryimage"},"thumbnailUrl":"https:\/\/dominiopolitico.mx\/wp-content\/uploads\/2026\/04\/DOMINIO-POLITICO-MX-WEB-2-4.png","datePublished":"2026-04-20T16:24:17+00:00","dateModified":"2026-04-20T16:24:57+00:00","author":{"@id":"https:\/\/dominiopolitico.mx\/#\/schema\/person\/9039ed9338d1ecbe0fd9dea650cbf631"},"description":"Lupita Cuautle, presidenta municipal, firm\u00f3 un convenio de colaboraci\u00f3n con el sector privado a fin de fortalecer la inclusi\u00f3n laboral de personas con discapacidad.","breadcrumb":{"@id":"https:\/\/dominiopolitico.mx\/index.php\/2026\/04\/20\/gobierno-de-san-andres-cholula-y-sector-privado-se-unen-para-abrir-oportunidades-laborales-a-personas-con-discapacidad\/#breadcrumb"},"inLanguage":"es","potentialAction":[{"@type":"ReadAction","target":["https:\/\/dominiopolitico.mx\/index.php\/2026\/04\/20\/gobierno-de-san-andres-cholula-y-sector-privado-se-unen-para-abrir-oportunidades-laborales-a-personas-con-discapacidad\/"]}]},{"@type":"ImageObject","inLanguage":"es","@id":"https:\/\/dominiopolitico.mx\/index.php\/2026\/04\/20\/gobierno-de-san-andres-cholula-y-sector-privado-se-unen-para-abrir-oportunidades-laborales-a-personas-con-discapacidad\/#primaryimage","url":"https:\/\/dominiopolitico.mx\/wp-content\/uploads\/2026\/04\/DOMINIO-POLITICO-MX-WEB-2-4.png","contentUrl":"https:\/\/dominiopolitico.mx\/wp-content\/uploads\/2026\/04\/DOMINIO-POLITICO-MX-WEB-2-4.png","width":2000,"height":1145},{"@type":"BreadcrumbList","@id":"https:\/\/dominiopolitico.mx\/index.php\/2026\/04\/20\/gobierno-de-san-andres-cholula-y-sector-privado-se-unen-para-abrir-oportunidades-laborales-a-personas-con-discapacidad\/#breadcrumb","itemListElement":[{"@type":"ListItem","position":1,"name":"Portada","item":"https:\/\/dominiopolitico.mx\/"},{"@type":"ListItem","position":2,"name":"Gobierno de San Andr\u00e9s Cholula y sector privado se unen para abrir oportunidades laborales a personas con discapacidad"}]},{"@type":"WebSite","@id":"https:\/\/dominiopolitico.mx\/#website","url":"https:\/\/dominiopolitico.mx\/","name":"Revista Dominio Pol\u00edtico Mx","description":"La estrategia detr\u00e1s del juego","potentialAction":[{"@type":"SearchAction","target":{"@type":"EntryPoint","urlTemplate":"https:\/\/dominiopolitico.mx\/?s={search_term_string}"},"query-input":{"@type":"PropertyValueSpecification","valueRequired":true,"valueName":"search_term_string"}}],"inLanguage":"es"},{"@type":"Person","@id":"https:\/\/dominiopolitico.mx\/#\/schema\/person\/9039ed9338d1ecbe0fd9dea650cbf631","name":"Daniela","image":{"@type":"ImageObject","inLanguage":"es","@id":"https:\/\/dominiopolitico.mx\/#\/schema\/person\/image\/","url":"https:\/\/secure.gravatar.com\/avatar\/0aa38a3cfb86bac1c718c050b6f2506233b3ccee810ad02e926dd138373f50a3?s=96&d=mm&r=g","contentUrl":"https:\/\/secure.gravatar.com\/avatar\/0aa38a3cfb86bac1c718c050b6f2506233b3ccee810ad02e926dd138373f50a3?s=96&d=mm&r=g","caption":"Daniela"},"url":"https:\/\/dominiopolitico.mx\/index.php\/author\/staff\/"}]}},"_links":{"self":[{"href":"https:\/\/dominiopolitico.mx\/index.php\/wp-json\/wp\/v2\/posts\/4339","targetHints":{"allow":["GET"]}}],"collection":[{"href":"https:\/\/dominiopolitico.mx\/index.php\/wp-json\/wp\/v2\/posts"}],"about":[{"href":"https:\/\/dominiopolitico.mx\/index.php\/wp-json\/wp\/v2\/types\/post"}],"author":[{"embeddable":true,"href":"https:\/\/dominiopolitico.mx\/index.php\/wp-json\/wp\/v2\/users\/2"}],"replies":[{"embeddable":true,"href":"https:\/\/dominiopolitico.mx\/index.php\/wp-json\/wp\/v2\/comments?post=4339"}],"version-history":[{"count":1,"href":"https:\/\/dominiopolitico.mx\/index.php\/wp-json\/wp\/v2\/posts\/4339\/revisions"}],"predecessor-version":[{"id":4341,"href":"https:\/\/dominiopolitico.mx\/index.php\/wp-json\/wp\/v2\/posts\/4339\/revisions\/4341"}],"wp:featuredmedia":[{"embeddable":true,"href":"https:\/\/dominiopolitico.mx\/index.php\/wp-json\/wp\/v2\/media\/4340"}],"wp:attachment":[{"href":"https:\/\/dominiopolitico.mx\/index.php\/wp-json\/wp\/v2\/media?parent=4339"}],"wp:term":[{"taxonomy":"category","embeddable":true,"href":"https:\/\/dominiopolitico.mx\/index.php\/wp-json\/wp\/v2\/categories?post=4339"},{"taxonomy":"post_tag","embeddable":true,"href":"https:\/\/dominiopolitico.mx\/index.php\/wp-json\/wp\/v2\/tags?post=4339"}],"curies":[{"name":"wp","href":"https:\/\/api.w.org\/{rel}","templated":true}]}}