{"id":4352,"date":"2026-04-24T13:36:11","date_gmt":"2026-04-24T13:36:11","guid":{"rendered":"https:\/\/dominiopolitico.mx\/?p=4352"},"modified":"2026-04-24T13:37:40","modified_gmt":"2026-04-24T13:37:40","slug":"feria-de-puebla-2026-se-consolida-entre-las-mejores-del-pais-turismo-federal","status":"publish","type":"post","link":"https:\/\/dominiopolitico.mx\/index.php\/2026\/04\/24\/feria-de-puebla-2026-se-consolida-entre-las-mejores-del-pais-turismo-federal\/","title":{"rendered":"Feria de Puebla 2026 se consolida entre las mejores del pa\u00eds: Turismo Federal"},"content":{"rendered":"\n<p><\/p>\n\n\n\n<h3 class=\"wp-block-heading\">La secretaria de Turismo del Gobierno de M\u00e9xico, Josefina Rodr\u00edguez Zamora, acompa\u00f1ada por el gobernador Alejandro Armenta Mier, inaugur\u00f3 la Feria que se llevar\u00e1 a cabo del 23 de abril al 10 de mayo.Destac\u00f3 que el mandatario poblano es un gran aliado del Gobierno de M\u00e9xico y un embajador tur\u00edstico.<\/h3>\n\n\n\n<p><strong>CIUDAD DE PUEBLA, Pue. \u2013<\/strong> Con una proyecci\u00f3n hist\u00f3rica de m\u00e1s de un mill\u00f3n 800 mil visitantes, la Feria de Puebla 2026 se consolida como uno de los eventos m\u00e1s relevantes del pa\u00eds. En su inauguraci\u00f3n, la secretaria de Turismo del Gobierno de M\u00e9xico, Josefina Rodr\u00edguez Zamora, destac\u00f3 que la entidad se posiciona en el cuarto lugar nacional con mayor afluencia tur\u00edstica.<\/p>\n\n\n\n<p>Acompa\u00f1ada por el gobernador Alejandro Armenta Mier y la presidenta del Patronato del Sistema DIF, Ceci Arellano, la secretaria de Turismo federal subray\u00f3 que esta celebraci\u00f3n es de las mejores en el pa\u00eds, ya que se desarrolla bajo un esquema de seguridad e inclusi\u00f3n, donde el sector empresarial fue clave en la organizaci\u00f3n para generar beneficios directos a las y los productores poblanos, con un enfoque de prosperidad compartida.<\/p>\n\n\n\n<p>Al reconocer que el gobernador de Puebla, Alejandro Armenta Mier, es un embajador tur\u00edstico, la secretaria Josefina Rodr\u00edguez Zamora, destac\u00f3 que de enero a marzo la entidad recibi\u00f3 m\u00e1s de 4 millones de turistas e increment\u00f3 24 por ciento m\u00e1s el n\u00famero de vuelos, con el anuncio de 12 nuevas rutas a trav\u00e9s del Aeropuerto Internacional Hermanos Serd\u00e1n.<\/p>\n\n\n\n<figure class=\"wp-block-embed is-type-rich is-provider-gestor-del-servicio wp-block-embed-gestor-del-servicio wp-embed-aspect-16-9 wp-has-aspect-ratio\"><div class=\"wp-block-embed__wrapper\">\n<iframe loading=\"lazy\" title=\"Comunicado 1669:2026   1\" width=\"1110\" height=\"624\" src=\"https:\/\/www.youtube.com\/embed\/yRtNaUJY5O8?feature=oembed\" frameborder=\"0\" allow=\"accelerometer; autoplay; clipboard-write; encrypted-media; gyroscope; picture-in-picture; web-share\" referrerpolicy=\"strict-origin-when-cross-origin\" allowfullscreen><\/iframe>\n<\/div><\/figure>\n\n\n\n<p><em>Intervenci\u00f3n de la Secretaria de Turismo del Gobierno de M\u00e9xico, Josefina Rodr\u00edguez Zamora.<\/em><\/p>\n\n\n\n<p>Resalt\u00f3 los diversos atractivos de la Feria de Puebla, como el Pabell\u00f3n Tecnol\u00f3gico, donde la entidad es pionera, las actividades del Teatro del Pueblo y el Palenque, as\u00ed como la participaci\u00f3n de las cocineras tradicionales y los m\u00e1s de 200 productos Puebla Cinco de Mayo. \u00abEso hace rica la feria para el propio poblano y visitantes\u00bb, afirm\u00f3.<\/p>\n\n\n\n<p>Josefina Rodr\u00edguez Zamora adelant\u00f3 que en los pr\u00f3ximos d\u00edas regresar\u00e1 al estado para entregar 190 distintivos de Turismo Comunitario en los Pueblos M\u00e1gicos, que, con experiencias personalizadas, transmiten cultura, tradici\u00f3n e historia. Record\u00f3 que el pr\u00f3ximo a\u00f1o la entidad ser\u00e1 sede del Tianguis Tur\u00edstico y expres\u00f3 su reconocimiento por los m\u00e1s de 300 eventos deportivos que generan derrama econ\u00f3mica.<\/p>\n\n\n\n<p>En su mensaje, el coordinador del Comit\u00e9 de la Feria, Juan Carlos Moreno Valle Abdala, inform\u00f3 que durante la Feria de Puebla 2026 la seguridad y el ambiente familiar est\u00e1n garantizados con el despliegue de mil 554 elementos de los tres \u00f3rdenes de gobierno, 148 patrullas, 6 ambulancias, 3 torres de videovigilancia, 3 drones, 18 arcos detectores de metal, 11 binomios K9 y dos helic\u00f3pteros.<\/p>\n\n\n\n<figure class=\"wp-block-embed is-type-rich is-provider-gestor-del-servicio wp-block-embed-gestor-del-servicio wp-embed-aspect-16-9 wp-has-aspect-ratio\"><div class=\"wp-block-embed__wrapper\">\n<iframe loading=\"lazy\" title=\"Comunicado 1669:2026   2\" width=\"1110\" height=\"624\" src=\"https:\/\/www.youtube.com\/embed\/WMrVoX4yucQ?feature=oembed\" frameborder=\"0\" allow=\"accelerometer; autoplay; clipboard-write; encrypted-media; gyroscope; picture-in-picture; web-share\" referrerpolicy=\"strict-origin-when-cross-origin\" allowfullscreen><\/iframe>\n<\/div><\/figure>\n\n\n\n<p><em>Intervenci\u00f3n del Coordinador del Comit\u00e9 Organizador de la Feria de Puebla 2026, Juan Carlos Moreno Valle Abdala.<\/em><\/p>\n\n\n\n<p>Reiter\u00f3 que este gran evento representa una plataforma de oportunidades para las y los productores y emprendedores que mostrar\u00e1n al mundo la riqueza estatal. \u00abCada rinc\u00f3n de la feria est\u00e1 pensado para que las familias disfruten y quienes la visitan se lleven lo mejor de Puebla\u00bb.<\/p>\n\n\n\n<p>Juan Carlos Moreno Valle expres\u00f3 su reconocimiento a los organismos empresariales que participan en esta nueva edici\u00f3n, como el Consejo Coordinador Empresarial (CCE), la Confederaci\u00f3n Patronal de la Rep\u00fablica Mexicana (COPARMEX), la C\u00e1mara Nacional de la Industria de Transformaci\u00f3n (CANACINTRA) y la C\u00e1mara Nacional de Comercio, Servicios y Turismo (CANACO).<\/p>\n\n\n\n<p>As\u00ed como la C\u00e1mara Nacional de la Industria de Restaurantes y Alimentos Condimentados (CANIRAC), el Consejo Nacional Empresarial Tur\u00edstico (CNET), Consejo Nacional de Organismos Empresariales (COE), Foro de Empresas de 100 (E100) y el Consorcio Universitario que incluye a la BUAP.<\/p>\n\n\n\n<figure class=\"wp-block-embed is-type-rich is-provider-gestor-del-servicio wp-block-embed-gestor-del-servicio wp-embed-aspect-16-9 wp-has-aspect-ratio\"><div class=\"wp-block-embed__wrapper\">\n<iframe loading=\"lazy\" title=\"Comunicado 1669:2026   3\" width=\"1110\" height=\"624\" src=\"https:\/\/www.youtube.com\/embed\/M5ETYchAUz4?feature=oembed\" frameborder=\"0\" allow=\"accelerometer; autoplay; clipboard-write; encrypted-media; gyroscope; picture-in-picture; web-share\" referrerpolicy=\"strict-origin-when-cross-origin\" allowfullscreen><\/iframe>\n<\/div><\/figure>\n\n\n\n<p><em>Intervenci\u00f3n de Directora General del Instituto de la Cultura y las Artes del Estado de Quintana Roo, Lilian Jes\u00fas Villanueva Chan.<\/em><\/p>\n\n\n\n<p>Al destacar el trabajo de la administraci\u00f3n estatal que preside Alejandro Armenta Mier, la directora general del Instituto de la Cultura y las Artes del Estado de Quintana Roo, Lilian Jes\u00fas Villanueva Chan, resalt\u00f3 que ambas entidades comparten tradici\u00f3n y cultura como un tesoro que las identifica ante el mundo y una expresi\u00f3n viva de las ra\u00edces, tradiciones y creatividad de los pueblos originarios.<\/p>\n\n\n\n<p>Esta edici\u00f3n contar\u00e1 con los pabellones: Pueblita para ni\u00f1as y ni\u00f1os; Pensar En Grande, Pueblos M\u00e1gicos, Tecnol\u00f3gico, F\u00fatbol, Cocineras Tradicionales, el Foro Multiusos, Expo Militar, Casa del Terror, Pista de Hielo y Circo; Festival del Asado, Expo Ganadera, Juegos Mec\u00e1nicos, Restaurantes y Bares; L\u00edbano como pa\u00eds invitado y Quintana Roo como estado; Teatro del Pueblo y Palenque con artistas nacionales e internacionales.<\/p>\n","protected":false},"excerpt":{"rendered":"<p>La secretaria de Turismo del Gobierno de M\u00e9xico, Josefina Rodr\u00edguez Zamora, acompa\u00f1ada por el gobernador Alejandro Armenta Mier, inaugur\u00f3 la Feria que se llevar\u00e1 a cabo del 23 de abril&hellip; <\/p>\n","protected":false},"author":2,"featured_media":4356,"comment_status":"open","ping_status":"closed","sticky":false,"template":"","format":"standard","meta":{"footnotes":""},"categories":[1606],"tags":[18,1607,15,19,14],"class_list":["post-4352","post","type-post","status-publish","format-standard","has-post-thumbnail","hentry","category-feria-de-puebla-2026","tag-alejandro-armenta","tag-feria-de-puebla-2026","tag-gobierno-puebla","tag-por-amor-a-puebla","tag-puebla"],"yoast_head":"<!-- This site is optimized with the Yoast SEO plugin v25.4 - https:\/\/yoast.com\/wordpress\/plugins\/seo\/ -->\n<title>Feria de Puebla 2026 se consolida entre las mejores del pa\u00eds: Turismo Federal - Revista Dominio Pol\u00edtico Mx<\/title>\n<meta name=\"description\" content=\"Con una proyecci\u00f3n hist\u00f3rica de m\u00e1s de un mill\u00f3n 800 mil visitantes, la Feria de Puebla 2026 se consolida como uno de los eventos m\u00e1s relevantes del pa\u00eds.\" \/>\n<meta name=\"robots\" content=\"index, follow, max-snippet:-1, max-image-preview:large, max-video-preview:-1\" \/>\n<link rel=\"canonical\" href=\"https:\/\/dominiopolitico.mx\/index.php\/2026\/04\/24\/feria-de-puebla-2026-se-consolida-entre-las-mejores-del-pais-turismo-federal\/\" \/>\n<meta property=\"og:locale\" content=\"es_ES\" \/>\n<meta property=\"og:type\" content=\"article\" \/>\n<meta property=\"og:title\" content=\"Feria de Puebla 2026 se consolida entre las mejores del pa\u00eds: Turismo Federal - Revista Dominio Pol\u00edtico Mx\" \/>\n<meta property=\"og:description\" content=\"Con una proyecci\u00f3n hist\u00f3rica de m\u00e1s de un mill\u00f3n 800 mil visitantes, la Feria de Puebla 2026 se consolida como uno de los eventos m\u00e1s relevantes del pa\u00eds.\" \/>\n<meta property=\"og:url\" content=\"https:\/\/dominiopolitico.mx\/index.php\/2026\/04\/24\/feria-de-puebla-2026-se-consolida-entre-las-mejores-del-pais-turismo-federal\/\" \/>\n<meta property=\"og:site_name\" content=\"Revista Dominio Pol\u00edtico Mx\" \/>\n<meta property=\"article:published_time\" content=\"2026-04-24T13:36:11+00:00\" \/>\n<meta property=\"article:modified_time\" content=\"2026-04-24T13:37:40+00:00\" \/>\n<meta property=\"og:image\" content=\"https:\/\/dominiopolitico.mx\/wp-content\/uploads\/2026\/04\/DOMINIO-POLITICO-MX-WEB-1-5-768x440.png\" \/>\n\t<meta property=\"og:image:width\" content=\"768\" \/>\n\t<meta property=\"og:image:height\" content=\"440\" \/>\n\t<meta property=\"og:image:type\" content=\"image\/png\" \/>\n<meta name=\"author\" content=\"Daniela\" \/>\n<meta name=\"twitter:card\" content=\"summary_large_image\" \/>\n<meta name=\"twitter:label1\" content=\"Escrito por\" \/>\n\t<meta name=\"twitter:data1\" content=\"Daniela\" \/>\n\t<meta name=\"twitter:label2\" content=\"Tiempo de lectura\" \/>\n\t<meta name=\"twitter:data2\" content=\"4 minutos\" \/>\n<script type=\"application\/ld+json\" class=\"yoast-schema-graph\">{\"@context\":\"https:\/\/schema.org\",\"@graph\":[{\"@type\":\"WebPage\",\"@id\":\"https:\/\/dominiopolitico.mx\/index.php\/2026\/04\/24\/feria-de-puebla-2026-se-consolida-entre-las-mejores-del-pais-turismo-federal\/\",\"url\":\"https:\/\/dominiopolitico.mx\/index.php\/2026\/04\/24\/feria-de-puebla-2026-se-consolida-entre-las-mejores-del-pais-turismo-federal\/\",\"name\":\"Feria de Puebla 2026 se consolida entre las mejores del pa\u00eds: Turismo Federal - Revista Dominio Pol\u00edtico Mx\",\"isPartOf\":{\"@id\":\"https:\/\/dominiopolitico.mx\/#website\"},\"primaryImageOfPage\":{\"@id\":\"https:\/\/dominiopolitico.mx\/index.php\/2026\/04\/24\/feria-de-puebla-2026-se-consolida-entre-las-mejores-del-pais-turismo-federal\/#primaryimage\"},\"image\":{\"@id\":\"https:\/\/dominiopolitico.mx\/index.php\/2026\/04\/24\/feria-de-puebla-2026-se-consolida-entre-las-mejores-del-pais-turismo-federal\/#primaryimage\"},\"thumbnailUrl\":\"https:\/\/dominiopolitico.mx\/wp-content\/uploads\/2026\/04\/DOMINIO-POLITICO-MX-WEB-1-5.png\",\"datePublished\":\"2026-04-24T13:36:11+00:00\",\"dateModified\":\"2026-04-24T13:37:40+00:00\",\"author\":{\"@id\":\"https:\/\/dominiopolitico.mx\/#\/schema\/person\/9039ed9338d1ecbe0fd9dea650cbf631\"},\"description\":\"Con una proyecci\u00f3n hist\u00f3rica de m\u00e1s de un mill\u00f3n 800 mil visitantes, la Feria de Puebla 2026 se consolida como uno de los eventos m\u00e1s relevantes del pa\u00eds.\",\"breadcrumb\":{\"@id\":\"https:\/\/dominiopolitico.mx\/index.php\/2026\/04\/24\/feria-de-puebla-2026-se-consolida-entre-las-mejores-del-pais-turismo-federal\/#breadcrumb\"},\"inLanguage\":\"es\",\"potentialAction\":[{\"@type\":\"ReadAction\",\"target\":[\"https:\/\/dominiopolitico.mx\/index.php\/2026\/04\/24\/feria-de-puebla-2026-se-consolida-entre-las-mejores-del-pais-turismo-federal\/\"]}]},{\"@type\":\"ImageObject\",\"inLanguage\":\"es\",\"@id\":\"https:\/\/dominiopolitico.mx\/index.php\/2026\/04\/24\/feria-de-puebla-2026-se-consolida-entre-las-mejores-del-pais-turismo-federal\/#primaryimage\",\"url\":\"https:\/\/dominiopolitico.mx\/wp-content\/uploads\/2026\/04\/DOMINIO-POLITICO-MX-WEB-1-5.png\",\"contentUrl\":\"https:\/\/dominiopolitico.mx\/wp-content\/uploads\/2026\/04\/DOMINIO-POLITICO-MX-WEB-1-5.png\",\"width\":2000,\"height\":1145},{\"@type\":\"BreadcrumbList\",\"@id\":\"https:\/\/dominiopolitico.mx\/index.php\/2026\/04\/24\/feria-de-puebla-2026-se-consolida-entre-las-mejores-del-pais-turismo-federal\/#breadcrumb\",\"itemListElement\":[{\"@type\":\"ListItem\",\"position\":1,\"name\":\"Portada\",\"item\":\"https:\/\/dominiopolitico.mx\/\"},{\"@type\":\"ListItem\",\"position\":2,\"name\":\"Feria de Puebla 2026 se consolida entre las mejores del pa\u00eds: Turismo Federal\"}]},{\"@type\":\"WebSite\",\"@id\":\"https:\/\/dominiopolitico.mx\/#website\",\"url\":\"https:\/\/dominiopolitico.mx\/\",\"name\":\"Revista Dominio Pol\u00edtico Mx\",\"description\":\"La estrategia detr\u00e1s del juego\",\"potentialAction\":[{\"@type\":\"SearchAction\",\"target\":{\"@type\":\"EntryPoint\",\"urlTemplate\":\"https:\/\/dominiopolitico.mx\/?s={search_term_string}\"},\"query-input\":{\"@type\":\"PropertyValueSpecification\",\"valueRequired\":true,\"valueName\":\"search_term_string\"}}],\"inLanguage\":\"es\"},{\"@type\":\"Person\",\"@id\":\"https:\/\/dominiopolitico.mx\/#\/schema\/person\/9039ed9338d1ecbe0fd9dea650cbf631\",\"name\":\"Daniela\",\"image\":{\"@type\":\"ImageObject\",\"inLanguage\":\"es\",\"@id\":\"https:\/\/dominiopolitico.mx\/#\/schema\/person\/image\/\",\"url\":\"https:\/\/secure.gravatar.com\/avatar\/0aa38a3cfb86bac1c718c050b6f2506233b3ccee810ad02e926dd138373f50a3?s=96&d=mm&r=g\",\"contentUrl\":\"https:\/\/secure.gravatar.com\/avatar\/0aa38a3cfb86bac1c718c050b6f2506233b3ccee810ad02e926dd138373f50a3?s=96&d=mm&r=g\",\"caption\":\"Daniela\"},\"url\":\"https:\/\/dominiopolitico.mx\/index.php\/author\/staff\/\"}]}<\/script>\n<!-- \/ Yoast SEO plugin. -->","yoast_head_json":{"title":"Feria de Puebla 2026 se consolida entre las mejores del pa\u00eds: Turismo Federal - Revista Dominio Pol\u00edtico Mx","description":"Con una proyecci\u00f3n hist\u00f3rica de m\u00e1s de un mill\u00f3n 800 mil visitantes, la Feria de Puebla 2026 se consolida como uno de los eventos m\u00e1s relevantes del pa\u00eds.","robots":{"index":"index","follow":"follow","max-snippet":"max-snippet:-1","max-image-preview":"max-image-preview:large","max-video-preview":"max-video-preview:-1"},"canonical":"https:\/\/dominiopolitico.mx\/index.php\/2026\/04\/24\/feria-de-puebla-2026-se-consolida-entre-las-mejores-del-pais-turismo-federal\/","og_locale":"es_ES","og_type":"article","og_title":"Feria de Puebla 2026 se consolida entre las mejores del pa\u00eds: Turismo Federal - Revista Dominio Pol\u00edtico Mx","og_description":"Con una proyecci\u00f3n hist\u00f3rica de m\u00e1s de un mill\u00f3n 800 mil visitantes, la Feria de Puebla 2026 se consolida como uno de los eventos m\u00e1s relevantes del pa\u00eds.","og_url":"https:\/\/dominiopolitico.mx\/index.php\/2026\/04\/24\/feria-de-puebla-2026-se-consolida-entre-las-mejores-del-pais-turismo-federal\/","og_site_name":"Revista Dominio Pol\u00edtico Mx","article_published_time":"2026-04-24T13:36:11+00:00","article_modified_time":"2026-04-24T13:37:40+00:00","og_image":[{"width":768,"height":440,"url":"https:\/\/dominiopolitico.mx\/wp-content\/uploads\/2026\/04\/DOMINIO-POLITICO-MX-WEB-1-5-768x440.png","type":"image\/png"}],"author":"Daniela","twitter_card":"summary_large_image","twitter_misc":{"Escrito por":"Daniela","Tiempo de lectura":"4 minutos"},"schema":{"@context":"https:\/\/schema.org","@graph":[{"@type":"WebPage","@id":"https:\/\/dominiopolitico.mx\/index.php\/2026\/04\/24\/feria-de-puebla-2026-se-consolida-entre-las-mejores-del-pais-turismo-federal\/","url":"https:\/\/dominiopolitico.mx\/index.php\/2026\/04\/24\/feria-de-puebla-2026-se-consolida-entre-las-mejores-del-pais-turismo-federal\/","name":"Feria de Puebla 2026 se consolida entre las mejores del pa\u00eds: Turismo Federal - Revista Dominio Pol\u00edtico Mx","isPartOf":{"@id":"https:\/\/dominiopolitico.mx\/#website"},"primaryImageOfPage":{"@id":"https:\/\/dominiopolitico.mx\/index.php\/2026\/04\/24\/feria-de-puebla-2026-se-consolida-entre-las-mejores-del-pais-turismo-federal\/#primaryimage"},"image":{"@id":"https:\/\/dominiopolitico.mx\/index.php\/2026\/04\/24\/feria-de-puebla-2026-se-consolida-entre-las-mejores-del-pais-turismo-federal\/#primaryimage"},"thumbnailUrl":"https:\/\/dominiopolitico.mx\/wp-content\/uploads\/2026\/04\/DOMINIO-POLITICO-MX-WEB-1-5.png","datePublished":"2026-04-24T13:36:11+00:00","dateModified":"2026-04-24T13:37:40+00:00","author":{"@id":"https:\/\/dominiopolitico.mx\/#\/schema\/person\/9039ed9338d1ecbe0fd9dea650cbf631"},"description":"Con una proyecci\u00f3n hist\u00f3rica de m\u00e1s de un mill\u00f3n 800 mil visitantes, la Feria de Puebla 2026 se consolida como uno de los eventos m\u00e1s relevantes del pa\u00eds.","breadcrumb":{"@id":"https:\/\/dominiopolitico.mx\/index.php\/2026\/04\/24\/feria-de-puebla-2026-se-consolida-entre-las-mejores-del-pais-turismo-federal\/#breadcrumb"},"inLanguage":"es","potentialAction":[{"@type":"ReadAction","target":["https:\/\/dominiopolitico.mx\/index.php\/2026\/04\/24\/feria-de-puebla-2026-se-consolida-entre-las-mejores-del-pais-turismo-federal\/"]}]},{"@type":"ImageObject","inLanguage":"es","@id":"https:\/\/dominiopolitico.mx\/index.php\/2026\/04\/24\/feria-de-puebla-2026-se-consolida-entre-las-mejores-del-pais-turismo-federal\/#primaryimage","url":"https:\/\/dominiopolitico.mx\/wp-content\/uploads\/2026\/04\/DOMINIO-POLITICO-MX-WEB-1-5.png","contentUrl":"https:\/\/dominiopolitico.mx\/wp-content\/uploads\/2026\/04\/DOMINIO-POLITICO-MX-WEB-1-5.png","width":2000,"height":1145},{"@type":"BreadcrumbList","@id":"https:\/\/dominiopolitico.mx\/index.php\/2026\/04\/24\/feria-de-puebla-2026-se-consolida-entre-las-mejores-del-pais-turismo-federal\/#breadcrumb","itemListElement":[{"@type":"ListItem","position":1,"name":"Portada","item":"https:\/\/dominiopolitico.mx\/"},{"@type":"ListItem","position":2,"name":"Feria de Puebla 2026 se consolida entre las mejores del pa\u00eds: Turismo Federal"}]},{"@type":"WebSite","@id":"https:\/\/dominiopolitico.mx\/#website","url":"https:\/\/dominiopolitico.mx\/","name":"Revista Dominio Pol\u00edtico Mx","description":"La estrategia detr\u00e1s del juego","potentialAction":[{"@type":"SearchAction","target":{"@type":"EntryPoint","urlTemplate":"https:\/\/dominiopolitico.mx\/?s={search_term_string}"},"query-input":{"@type":"PropertyValueSpecification","valueRequired":true,"valueName":"search_term_string"}}],"inLanguage":"es"},{"@type":"Person","@id":"https:\/\/dominiopolitico.mx\/#\/schema\/person\/9039ed9338d1ecbe0fd9dea650cbf631","name":"Daniela","image":{"@type":"ImageObject","inLanguage":"es","@id":"https:\/\/dominiopolitico.mx\/#\/schema\/person\/image\/","url":"https:\/\/secure.gravatar.com\/avatar\/0aa38a3cfb86bac1c718c050b6f2506233b3ccee810ad02e926dd138373f50a3?s=96&d=mm&r=g","contentUrl":"https:\/\/secure.gravatar.com\/avatar\/0aa38a3cfb86bac1c718c050b6f2506233b3ccee810ad02e926dd138373f50a3?s=96&d=mm&r=g","caption":"Daniela"},"url":"https:\/\/dominiopolitico.mx\/index.php\/author\/staff\/"}]}},"_links":{"self":[{"href":"https:\/\/dominiopolitico.mx\/index.php\/wp-json\/wp\/v2\/posts\/4352","targetHints":{"allow":["GET"]}}],"collection":[{"href":"https:\/\/dominiopolitico.mx\/index.php\/wp-json\/wp\/v2\/posts"}],"about":[{"href":"https:\/\/dominiopolitico.mx\/index.php\/wp-json\/wp\/v2\/types\/post"}],"author":[{"embeddable":true,"href":"https:\/\/dominiopolitico.mx\/index.php\/wp-json\/wp\/v2\/users\/2"}],"replies":[{"embeddable":true,"href":"https:\/\/dominiopolitico.mx\/index.php\/wp-json\/wp\/v2\/comments?post=4352"}],"version-history":[{"count":1,"href":"https:\/\/dominiopolitico.mx\/index.php\/wp-json\/wp\/v2\/posts\/4352\/revisions"}],"predecessor-version":[{"id":4357,"href":"https:\/\/dominiopolitico.mx\/index.php\/wp-json\/wp\/v2\/posts\/4352\/revisions\/4357"}],"wp:featuredmedia":[{"embeddable":true,"href":"https:\/\/dominiopolitico.mx\/index.php\/wp-json\/wp\/v2\/media\/4356"}],"wp:attachment":[{"href":"https:\/\/dominiopolitico.mx\/index.php\/wp-json\/wp\/v2\/media?parent=4352"}],"wp:term":[{"taxonomy":"category","embeddable":true,"href":"https:\/\/dominiopolitico.mx\/index.php\/wp-json\/wp\/v2\/categories?post=4352"},{"taxonomy":"post_tag","embeddable":true,"href":"https:\/\/dominiopolitico.mx\/index.php\/wp-json\/wp\/v2\/tags?post=4352"}],"curies":[{"name":"wp","href":"https:\/\/api.w.org\/{rel}","templated":true}]}}