{"id":4369,"date":"2026-04-24T16:48:17","date_gmt":"2026-04-24T16:48:17","guid":{"rendered":"https:\/\/dominiopolitico.mx\/?p=4369"},"modified":"2026-04-24T16:48:22","modified_gmt":"2026-04-24T16:48:22","slug":"luis-tiffein-perfila-candidatura-para-la-presidencia-municipal-de-ocoyucan","status":"publish","type":"post","link":"https:\/\/dominiopolitico.mx\/index.php\/2026\/04\/24\/luis-tiffein-perfila-candidatura-para-la-presidencia-municipal-de-ocoyucan\/","title":{"rendered":"Luis Tiffein perfila candidatura para la presidencia municipal de Ocoyucan"},"content":{"rendered":"\n<p>Luis Tiffein perfila candidatura para la presidencia municipal de Ocoyucan<br>\ufeff<\/p>\n\n\n\n<p>El empresario y abogado Luis Tiffein se perfila como candidato a la presidencia municipal de Santa Clara Ocoyucan entre el Partido Verde Ecologista de M\u00e9xico (PVEM), Morena y el Partido del Trabajo (PT), de acuerdo con informaci\u00f3n que ha comenzado a circular en el \u00e1mbito pol\u00edtico local.<\/p>\n\n\n\n<p>Su posible postulaci\u00f3n surge en un contexto donde diversos sectores ciudadanos han manifestado la necesidad de nuevas alternativas pol\u00edticas en el municipio, particularmente en zonas como Lomas de Angel\u00f3polis 3 y 4, donde existe un creciente distanciamiento con las fuerzas pol\u00edticas tradicionales.<\/p>\n\n\n\n<p>En este escenario, el perfil de Luis Tiffein destaca como una opci\u00f3n ciudadana, con posibilidades de consolidar respaldo social ante la b\u00fasqueda de propuestas distintas a las que actualmente gobiernan en la regi\u00f3n.<\/p>\n\n\n\n<p>Asimismo, no se descarta la posibilidad de que su candidatura pueda sumar apoyos adicionales dentro de otras fuerzas pol\u00edticas, en medio de un entorno de definiciones rumbo a los pr\u00f3ximos procesos electorales.<\/p>\n\n\n\n<p>Analistas se\u00f1alan que, de concretarse su candidatura, Tiffein contar\u00eda con condiciones favorables para competir, en un municipio que enfrenta din\u00e1micas pol\u00edticas complejas y una ciudadan\u00eda cada vez m\u00e1s participativa.<\/p>\n\n\n\n<p><\/p>\n\n\n\n<p><\/p>\n","protected":false},"excerpt":{"rendered":"<p>Luis Tiffein perfila candidatura para la presidencia municipal de Ocoyucan\ufeff El empresario y abogado Luis Tiffein se perfila como candidato a la presidencia municipal de Santa Clara Ocoyucan entre el&hellip; <\/p>\n","protected":false},"author":2,"featured_media":4312,"comment_status":"open","ping_status":"closed","sticky":false,"template":"","format":"standard","meta":{"footnotes":""},"categories":[1508],"tags":[1618,1584,84,1616,1509,1614],"class_list":["post-4369","post","type-post","status-publish","format-standard","has-post-thumbnail","hentry","category-ocoyucan","tag-bt","tag-luis-tiffein","tag-morena","tag-nueva-alianza","tag-ocoyucan","tag-partido-del-trabajo"],"yoast_head":"<!-- This site is optimized with the Yoast SEO plugin v25.4 - https:\/\/yoast.com\/wordpress\/plugins\/seo\/ -->\n<title>Luis Tiffein perfila candidatura para la presidencia municipal de Ocoyucan - Revista Dominio Pol\u00edtico Mx<\/title>\n<meta name=\"description\" content=\"El empresario y abogado Luis Tiffein se perfila como candidato a la presidencia municipal de Santa Clara Ocoyucan por una alianza entre el Partido Verde Ecologista de M\u00e9xico (PVEM), Morena y el Partido del Trabajo (PT), de acuerdo con informaci\u00f3n que ha comenzado a circular en el \u00e1mbito pol\u00edtico local.\" \/>\n<meta name=\"robots\" content=\"index, follow, max-snippet:-1, max-image-preview:large, max-video-preview:-1\" \/>\n<link rel=\"canonical\" href=\"https:\/\/dominiopolitico.mx\/index.php\/2026\/04\/24\/luis-tiffein-perfila-candidatura-para-la-presidencia-municipal-de-ocoyucan\/\" \/>\n<meta property=\"og:locale\" content=\"es_ES\" \/>\n<meta property=\"og:type\" content=\"article\" \/>\n<meta property=\"og:title\" content=\"Luis Tiffein perfila candidatura para la presidencia municipal de Ocoyucan - Revista Dominio Pol\u00edtico Mx\" \/>\n<meta property=\"og:description\" content=\"El empresario y abogado Luis Tiffein se perfila como candidato a la presidencia municipal de Santa Clara Ocoyucan por una alianza entre el Partido Verde Ecologista de M\u00e9xico (PVEM), Morena y el Partido del Trabajo (PT), de acuerdo con informaci\u00f3n que ha comenzado a circular en el \u00e1mbito pol\u00edtico local.\" \/>\n<meta property=\"og:url\" content=\"https:\/\/dominiopolitico.mx\/index.php\/2026\/04\/24\/luis-tiffein-perfila-candidatura-para-la-presidencia-municipal-de-ocoyucan\/\" \/>\n<meta property=\"og:site_name\" content=\"Revista Dominio Pol\u00edtico Mx\" \/>\n<meta property=\"article:published_time\" content=\"2026-04-24T16:48:17+00:00\" \/>\n<meta property=\"article:modified_time\" content=\"2026-04-24T16:48:22+00:00\" \/>\n<meta property=\"og:image\" content=\"https:\/\/dominiopolitico.mx\/wp-content\/uploads\/2026\/04\/DOMINIO-POLITICO-MX-WEB-1-3-768x440.png\" \/>\n\t<meta property=\"og:image:width\" content=\"768\" \/>\n\t<meta property=\"og:image:height\" content=\"440\" \/>\n\t<meta property=\"og:image:type\" content=\"image\/png\" \/>\n<meta name=\"author\" content=\"Daniela\" \/>\n<meta name=\"twitter:card\" content=\"summary_large_image\" \/>\n<meta name=\"twitter:label1\" content=\"Escrito por\" \/>\n\t<meta name=\"twitter:data1\" content=\"Daniela\" \/>\n\t<meta name=\"twitter:label2\" content=\"Tiempo de lectura\" \/>\n\t<meta name=\"twitter:data2\" content=\"1 minuto\" \/>\n<script type=\"application\/ld+json\" class=\"yoast-schema-graph\">{\"@context\":\"https:\/\/schema.org\",\"@graph\":[{\"@type\":\"WebPage\",\"@id\":\"https:\/\/dominiopolitico.mx\/index.php\/2026\/04\/24\/luis-tiffein-perfila-candidatura-para-la-presidencia-municipal-de-ocoyucan\/\",\"url\":\"https:\/\/dominiopolitico.mx\/index.php\/2026\/04\/24\/luis-tiffein-perfila-candidatura-para-la-presidencia-municipal-de-ocoyucan\/\",\"name\":\"Luis Tiffein perfila candidatura para la presidencia municipal de Ocoyucan - Revista Dominio Pol\u00edtico Mx\",\"isPartOf\":{\"@id\":\"https:\/\/dominiopolitico.mx\/#website\"},\"primaryImageOfPage\":{\"@id\":\"https:\/\/dominiopolitico.mx\/index.php\/2026\/04\/24\/luis-tiffein-perfila-candidatura-para-la-presidencia-municipal-de-ocoyucan\/#primaryimage\"},\"image\":{\"@id\":\"https:\/\/dominiopolitico.mx\/index.php\/2026\/04\/24\/luis-tiffein-perfila-candidatura-para-la-presidencia-municipal-de-ocoyucan\/#primaryimage\"},\"thumbnailUrl\":\"https:\/\/dominiopolitico.mx\/wp-content\/uploads\/2026\/04\/DOMINIO-POLITICO-MX-WEB-1-3.png\",\"datePublished\":\"2026-04-24T16:48:17+00:00\",\"dateModified\":\"2026-04-24T16:48:22+00:00\",\"author\":{\"@id\":\"https:\/\/dominiopolitico.mx\/#\/schema\/person\/9039ed9338d1ecbe0fd9dea650cbf631\"},\"description\":\"El empresario y abogado Luis Tiffein se perfila como candidato a la presidencia municipal de Santa Clara Ocoyucan por una alianza entre el Partido Verde Ecologista de M\u00e9xico (PVEM), Morena y el Partido del Trabajo (PT), de acuerdo con informaci\u00f3n que ha comenzado a circular en el \u00e1mbito pol\u00edtico local.\",\"breadcrumb\":{\"@id\":\"https:\/\/dominiopolitico.mx\/index.php\/2026\/04\/24\/luis-tiffein-perfila-candidatura-para-la-presidencia-municipal-de-ocoyucan\/#breadcrumb\"},\"inLanguage\":\"es\",\"potentialAction\":[{\"@type\":\"ReadAction\",\"target\":[\"https:\/\/dominiopolitico.mx\/index.php\/2026\/04\/24\/luis-tiffein-perfila-candidatura-para-la-presidencia-municipal-de-ocoyucan\/\"]}]},{\"@type\":\"ImageObject\",\"inLanguage\":\"es\",\"@id\":\"https:\/\/dominiopolitico.mx\/index.php\/2026\/04\/24\/luis-tiffein-perfila-candidatura-para-la-presidencia-municipal-de-ocoyucan\/#primaryimage\",\"url\":\"https:\/\/dominiopolitico.mx\/wp-content\/uploads\/2026\/04\/DOMINIO-POLITICO-MX-WEB-1-3.png\",\"contentUrl\":\"https:\/\/dominiopolitico.mx\/wp-content\/uploads\/2026\/04\/DOMINIO-POLITICO-MX-WEB-1-3.png\",\"width\":2000,\"height\":1145},{\"@type\":\"BreadcrumbList\",\"@id\":\"https:\/\/dominiopolitico.mx\/index.php\/2026\/04\/24\/luis-tiffein-perfila-candidatura-para-la-presidencia-municipal-de-ocoyucan\/#breadcrumb\",\"itemListElement\":[{\"@type\":\"ListItem\",\"position\":1,\"name\":\"Portada\",\"item\":\"https:\/\/dominiopolitico.mx\/\"},{\"@type\":\"ListItem\",\"position\":2,\"name\":\"Luis Tiffein perfila candidatura para la presidencia municipal de Ocoyucan\"}]},{\"@type\":\"WebSite\",\"@id\":\"https:\/\/dominiopolitico.mx\/#website\",\"url\":\"https:\/\/dominiopolitico.mx\/\",\"name\":\"Revista Dominio Pol\u00edtico Mx\",\"description\":\"La estrategia detr\u00e1s del juego\",\"potentialAction\":[{\"@type\":\"SearchAction\",\"target\":{\"@type\":\"EntryPoint\",\"urlTemplate\":\"https:\/\/dominiopolitico.mx\/?s={search_term_string}\"},\"query-input\":{\"@type\":\"PropertyValueSpecification\",\"valueRequired\":true,\"valueName\":\"search_term_string\"}}],\"inLanguage\":\"es\"},{\"@type\":\"Person\",\"@id\":\"https:\/\/dominiopolitico.mx\/#\/schema\/person\/9039ed9338d1ecbe0fd9dea650cbf631\",\"name\":\"Daniela\",\"image\":{\"@type\":\"ImageObject\",\"inLanguage\":\"es\",\"@id\":\"https:\/\/dominiopolitico.mx\/#\/schema\/person\/image\/\",\"url\":\"https:\/\/secure.gravatar.com\/avatar\/0aa38a3cfb86bac1c718c050b6f2506233b3ccee810ad02e926dd138373f50a3?s=96&d=mm&r=g\",\"contentUrl\":\"https:\/\/secure.gravatar.com\/avatar\/0aa38a3cfb86bac1c718c050b6f2506233b3ccee810ad02e926dd138373f50a3?s=96&d=mm&r=g\",\"caption\":\"Daniela\"},\"url\":\"https:\/\/dominiopolitico.mx\/index.php\/author\/staff\/\"}]}<\/script>\n<!-- \/ Yoast SEO plugin. -->","yoast_head_json":{"title":"Luis Tiffein perfila candidatura para la presidencia municipal de Ocoyucan - Revista Dominio Pol\u00edtico Mx","description":"El empresario y abogado Luis Tiffein se perfila como candidato a la presidencia municipal de Santa Clara Ocoyucan por una alianza entre el Partido Verde Ecologista de M\u00e9xico (PVEM), Morena y el Partido del Trabajo (PT), de acuerdo con informaci\u00f3n que ha comenzado a circular en el \u00e1mbito pol\u00edtico local.","robots":{"index":"index","follow":"follow","max-snippet":"max-snippet:-1","max-image-preview":"max-image-preview:large","max-video-preview":"max-video-preview:-1"},"canonical":"https:\/\/dominiopolitico.mx\/index.php\/2026\/04\/24\/luis-tiffein-perfila-candidatura-para-la-presidencia-municipal-de-ocoyucan\/","og_locale":"es_ES","og_type":"article","og_title":"Luis Tiffein perfila candidatura para la presidencia municipal de Ocoyucan - Revista Dominio Pol\u00edtico Mx","og_description":"El empresario y abogado Luis Tiffein se perfila como candidato a la presidencia municipal de Santa Clara Ocoyucan por una alianza entre el Partido Verde Ecologista de M\u00e9xico (PVEM), Morena y el Partido del Trabajo (PT), de acuerdo con informaci\u00f3n que ha comenzado a circular en el \u00e1mbito pol\u00edtico local.","og_url":"https:\/\/dominiopolitico.mx\/index.php\/2026\/04\/24\/luis-tiffein-perfila-candidatura-para-la-presidencia-municipal-de-ocoyucan\/","og_site_name":"Revista Dominio Pol\u00edtico Mx","article_published_time":"2026-04-24T16:48:17+00:00","article_modified_time":"2026-04-24T16:48:22+00:00","og_image":[{"width":768,"height":440,"url":"https:\/\/dominiopolitico.mx\/wp-content\/uploads\/2026\/04\/DOMINIO-POLITICO-MX-WEB-1-3-768x440.png","type":"image\/png"}],"author":"Daniela","twitter_card":"summary_large_image","twitter_misc":{"Escrito por":"Daniela","Tiempo de lectura":"1 minuto"},"schema":{"@context":"https:\/\/schema.org","@graph":[{"@type":"WebPage","@id":"https:\/\/dominiopolitico.mx\/index.php\/2026\/04\/24\/luis-tiffein-perfila-candidatura-para-la-presidencia-municipal-de-ocoyucan\/","url":"https:\/\/dominiopolitico.mx\/index.php\/2026\/04\/24\/luis-tiffein-perfila-candidatura-para-la-presidencia-municipal-de-ocoyucan\/","name":"Luis Tiffein perfila candidatura para la presidencia municipal de Ocoyucan - Revista Dominio Pol\u00edtico Mx","isPartOf":{"@id":"https:\/\/dominiopolitico.mx\/#website"},"primaryImageOfPage":{"@id":"https:\/\/dominiopolitico.mx\/index.php\/2026\/04\/24\/luis-tiffein-perfila-candidatura-para-la-presidencia-municipal-de-ocoyucan\/#primaryimage"},"image":{"@id":"https:\/\/dominiopolitico.mx\/index.php\/2026\/04\/24\/luis-tiffein-perfila-candidatura-para-la-presidencia-municipal-de-ocoyucan\/#primaryimage"},"thumbnailUrl":"https:\/\/dominiopolitico.mx\/wp-content\/uploads\/2026\/04\/DOMINIO-POLITICO-MX-WEB-1-3.png","datePublished":"2026-04-24T16:48:17+00:00","dateModified":"2026-04-24T16:48:22+00:00","author":{"@id":"https:\/\/dominiopolitico.mx\/#\/schema\/person\/9039ed9338d1ecbe0fd9dea650cbf631"},"description":"El empresario y abogado Luis Tiffein se perfila como candidato a la presidencia municipal de Santa Clara Ocoyucan por una alianza entre el Partido Verde Ecologista de M\u00e9xico (PVEM), Morena y el Partido del Trabajo (PT), de acuerdo con informaci\u00f3n que ha comenzado a circular en el \u00e1mbito pol\u00edtico local.","breadcrumb":{"@id":"https:\/\/dominiopolitico.mx\/index.php\/2026\/04\/24\/luis-tiffein-perfila-candidatura-para-la-presidencia-municipal-de-ocoyucan\/#breadcrumb"},"inLanguage":"es","potentialAction":[{"@type":"ReadAction","target":["https:\/\/dominiopolitico.mx\/index.php\/2026\/04\/24\/luis-tiffein-perfila-candidatura-para-la-presidencia-municipal-de-ocoyucan\/"]}]},{"@type":"ImageObject","inLanguage":"es","@id":"https:\/\/dominiopolitico.mx\/index.php\/2026\/04\/24\/luis-tiffein-perfila-candidatura-para-la-presidencia-municipal-de-ocoyucan\/#primaryimage","url":"https:\/\/dominiopolitico.mx\/wp-content\/uploads\/2026\/04\/DOMINIO-POLITICO-MX-WEB-1-3.png","contentUrl":"https:\/\/dominiopolitico.mx\/wp-content\/uploads\/2026\/04\/DOMINIO-POLITICO-MX-WEB-1-3.png","width":2000,"height":1145},{"@type":"BreadcrumbList","@id":"https:\/\/dominiopolitico.mx\/index.php\/2026\/04\/24\/luis-tiffein-perfila-candidatura-para-la-presidencia-municipal-de-ocoyucan\/#breadcrumb","itemListElement":[{"@type":"ListItem","position":1,"name":"Portada","item":"https:\/\/dominiopolitico.mx\/"},{"@type":"ListItem","position":2,"name":"Luis Tiffein perfila candidatura para la presidencia municipal de Ocoyucan"}]},{"@type":"WebSite","@id":"https:\/\/dominiopolitico.mx\/#website","url":"https:\/\/dominiopolitico.mx\/","name":"Revista Dominio Pol\u00edtico Mx","description":"La estrategia detr\u00e1s del juego","potentialAction":[{"@type":"SearchAction","target":{"@type":"EntryPoint","urlTemplate":"https:\/\/dominiopolitico.mx\/?s={search_term_string}"},"query-input":{"@type":"PropertyValueSpecification","valueRequired":true,"valueName":"search_term_string"}}],"inLanguage":"es"},{"@type":"Person","@id":"https:\/\/dominiopolitico.mx\/#\/schema\/person\/9039ed9338d1ecbe0fd9dea650cbf631","name":"Daniela","image":{"@type":"ImageObject","inLanguage":"es","@id":"https:\/\/dominiopolitico.mx\/#\/schema\/person\/image\/","url":"https:\/\/secure.gravatar.com\/avatar\/0aa38a3cfb86bac1c718c050b6f2506233b3ccee810ad02e926dd138373f50a3?s=96&d=mm&r=g","contentUrl":"https:\/\/secure.gravatar.com\/avatar\/0aa38a3cfb86bac1c718c050b6f2506233b3ccee810ad02e926dd138373f50a3?s=96&d=mm&r=g","caption":"Daniela"},"url":"https:\/\/dominiopolitico.mx\/index.php\/author\/staff\/"}]}},"_links":{"self":[{"href":"https:\/\/dominiopolitico.mx\/index.php\/wp-json\/wp\/v2\/posts\/4369","targetHints":{"allow":["GET"]}}],"collection":[{"href":"https:\/\/dominiopolitico.mx\/index.php\/wp-json\/wp\/v2\/posts"}],"about":[{"href":"https:\/\/dominiopolitico.mx\/index.php\/wp-json\/wp\/v2\/types\/post"}],"author":[{"embeddable":true,"href":"https:\/\/dominiopolitico.mx\/index.php\/wp-json\/wp\/v2\/users\/2"}],"replies":[{"embeddable":true,"href":"https:\/\/dominiopolitico.mx\/index.php\/wp-json\/wp\/v2\/comments?post=4369"}],"version-history":[{"count":2,"href":"https:\/\/dominiopolitico.mx\/index.php\/wp-json\/wp\/v2\/posts\/4369\/revisions"}],"predecessor-version":[{"id":4373,"href":"https:\/\/dominiopolitico.mx\/index.php\/wp-json\/wp\/v2\/posts\/4369\/revisions\/4373"}],"wp:featuredmedia":[{"embeddable":true,"href":"https:\/\/dominiopolitico.mx\/index.php\/wp-json\/wp\/v2\/media\/4312"}],"wp:attachment":[{"href":"https:\/\/dominiopolitico.mx\/index.php\/wp-json\/wp\/v2\/media?parent=4369"}],"wp:term":[{"taxonomy":"category","embeddable":true,"href":"https:\/\/dominiopolitico.mx\/index.php\/wp-json\/wp\/v2\/categories?post=4369"},{"taxonomy":"post_tag","embeddable":true,"href":"https:\/\/dominiopolitico.mx\/index.php\/wp-json\/wp\/v2\/tags?post=4369"}],"curies":[{"name":"wp","href":"https:\/\/api.w.org\/{rel}","templated":true}]}}