{"id":4374,"date":"2026-04-25T16:23:22","date_gmt":"2026-04-25T16:23:22","guid":{"rendered":"https:\/\/dominiopolitico.mx\/?p=4374"},"modified":"2026-04-25T16:41:17","modified_gmt":"2026-04-25T16:41:17","slug":"amozoc-destaca-en-la-feria-de-puebla-con-el-stand-mas-grande-dedicado-a-sus-artesanos","status":"publish","type":"post","link":"https:\/\/dominiopolitico.mx\/index.php\/2026\/04\/25\/amozoc-destaca-en-la-feria-de-puebla-con-el-stand-mas-grande-dedicado-a-sus-artesanos\/","title":{"rendered":"Amozoc destaca en la Feria de Puebla con el stand m\u00e1s grande dedicado a sus artesanos"},"content":{"rendered":"\n<p><\/p>\n\n\n\n<p><strong>Puebla, Pue.\u2013<\/strong> En el marco de la Feria de Puebla, el municipio de Amozoc ha logrado posicionarse como un referente en la promoci\u00f3n de su riqueza cultural y artesanal, al contar por primera vez con un stand propio que se ha convertido en punto de encuentro para exhibir el talento, la tradici\u00f3n y el trabajo de sus artesanas y artesanos.<\/p>\n\n\n\n<p>Este espacio ha recibido la visita y el reconocimiento de destacadas autoridades estatales, entre ellas el Coordinador de Gabinete, la Secretaria de Turismo, la Secretaria del Deporte y la titular de SICOM, quienes destacaron la calidad del trabajo artesanal y felicitaron el esfuerzo que se impulsa desde el municipio para preservar sus tradiciones.<\/p>\n\n\n\n<p>Cabe se\u00f1alar que, inicialmente, el espacio asignado a Amozoc correspond\u00eda a un stand convencional de 3 x 3 metros, similar al otorgado a otros municipios. No obstante, gracias a la gesti\u00f3n del Regidor Geovanni Pacheco, y mediante el di\u00e1logo con autoridades organizadoras de la feria, se logr\u00f3 ampliar significativamente este espacio, convirti\u00e9ndolo en el stand m\u00e1s grande dentro del recinto ferial destinado a la promoci\u00f3n municipal.<\/p>\n\n\n\n<p>En este lugar se exhiben y comercializan productos emblem\u00e1ticos elaborados por manos amozoquenses, tales como piezas de barro, monturas para caballo, espuelas, artesan\u00edas de plata y diversos accesorios tradicionales que reflejan la identidad y el legado cultural del municipio.<\/p>\n\n\n\n<p>Esta importante gesti\u00f3n fue resultado del trabajo coordinado entre el Regidor Geovanni Pacheco y el Presidente Municipal, Severiano de la Rosa, quienes, con el respaldo del Gobierno del Estado, encabezado por el gobernador Alejandro Armenta, lograron concretar la participaci\u00f3n de Amozoc en un espacio digno y representativo dentro de la feria.<\/p>\n\n\n\n<p>Con estas acciones, el municipio de Amozoc reafirma su compromiso con el impulso al sector artesanal, fortaleciendo la econom\u00eda local y proyectando el talento de su gente en escenarios de relevancia estatal.<\/p>\n\n\n\n<p><strong>Amozoc contin\u00faa poniendo en alto su nombre, promoviendo sus tradiciones y consolid\u00e1ndose como un referente cultural en Puebla.<\/strong><\/p>\n\n\n\n<p><\/p>\n","protected":false},"excerpt":{"rendered":"<p>Puebla, Pue.\u2013 En el marco de la Feria de Puebla, el municipio de Amozoc ha logrado posicionarse como un referente en la promoci\u00f3n de su riqueza cultural y artesanal, al&hellip; <\/p>\n","protected":false},"author":2,"featured_media":4375,"comment_status":"open","ping_status":"closed","sticky":false,"template":"","format":"standard","meta":{"footnotes":""},"categories":[430],"tags":[1619,1620],"class_list":["post-4374","post","type-post","status-publish","format-standard","has-post-thumbnail","hentry","category-amozoc","tag-amoxoc","tag-giovanni-pacheco"],"yoast_head":"<!-- This site is optimized with the Yoast SEO plugin v25.4 - https:\/\/yoast.com\/wordpress\/plugins\/seo\/ -->\n<title>Amozoc destaca en la Feria de Puebla con el stand m\u00e1s grande dedicado a sus artesanos - Revista Dominio Pol\u00edtico Mx<\/title>\n<meta name=\"description\" content=\"En el marco de la Feria de Puebla, el municipio de Amozoc ha logrado posicionarse como un referente en la promoci\u00f3n de su riqueza cultural y artesanal, al contar por primera vez con un stand propio que se ha convertido en punto de encuentro para exhibir el talento, la tradici\u00f3n y el trabajo de sus artesanas y artesanos.\" \/>\n<meta name=\"robots\" content=\"index, follow, max-snippet:-1, max-image-preview:large, max-video-preview:-1\" \/>\n<link rel=\"canonical\" href=\"https:\/\/dominiopolitico.mx\/index.php\/2026\/04\/25\/amozoc-destaca-en-la-feria-de-puebla-con-el-stand-mas-grande-dedicado-a-sus-artesanos\/\" \/>\n<meta property=\"og:locale\" content=\"es_ES\" \/>\n<meta property=\"og:type\" content=\"article\" \/>\n<meta property=\"og:title\" content=\"Amozoc destaca en la Feria de Puebla con el stand m\u00e1s grande dedicado a sus artesanos - Revista Dominio Pol\u00edtico Mx\" \/>\n<meta property=\"og:description\" content=\"En el marco de la Feria de Puebla, el municipio de Amozoc ha logrado posicionarse como un referente en la promoci\u00f3n de su riqueza cultural y artesanal, al contar por primera vez con un stand propio que se ha convertido en punto de encuentro para exhibir el talento, la tradici\u00f3n y el trabajo de sus artesanas y artesanos.\" \/>\n<meta property=\"og:url\" content=\"https:\/\/dominiopolitico.mx\/index.php\/2026\/04\/25\/amozoc-destaca-en-la-feria-de-puebla-con-el-stand-mas-grande-dedicado-a-sus-artesanos\/\" \/>\n<meta property=\"og:site_name\" content=\"Revista Dominio Pol\u00edtico Mx\" \/>\n<meta property=\"article:published_time\" content=\"2026-04-25T16:23:22+00:00\" \/>\n<meta property=\"article:modified_time\" content=\"2026-04-25T16:41:17+00:00\" \/>\n<meta property=\"og:image\" content=\"https:\/\/dominiopolitico.mx\/wp-content\/uploads\/2026\/04\/DOMINIO-POLITICO-MX-WEB-21-1886x1080.png\" \/>\n\t<meta property=\"og:image:width\" content=\"1886\" \/>\n\t<meta property=\"og:image:height\" content=\"1080\" \/>\n\t<meta property=\"og:image:type\" content=\"image\/png\" \/>\n<meta name=\"author\" content=\"Daniela\" \/>\n<meta name=\"twitter:card\" content=\"summary_large_image\" \/>\n<meta name=\"twitter:label1\" content=\"Escrito por\" \/>\n\t<meta name=\"twitter:data1\" content=\"Daniela\" \/>\n\t<meta name=\"twitter:label2\" content=\"Tiempo de lectura\" \/>\n\t<meta name=\"twitter:data2\" content=\"2 minutos\" \/>\n<script type=\"application\/ld+json\" class=\"yoast-schema-graph\">{\"@context\":\"https:\/\/schema.org\",\"@graph\":[{\"@type\":\"WebPage\",\"@id\":\"https:\/\/dominiopolitico.mx\/index.php\/2026\/04\/25\/amozoc-destaca-en-la-feria-de-puebla-con-el-stand-mas-grande-dedicado-a-sus-artesanos\/\",\"url\":\"https:\/\/dominiopolitico.mx\/index.php\/2026\/04\/25\/amozoc-destaca-en-la-feria-de-puebla-con-el-stand-mas-grande-dedicado-a-sus-artesanos\/\",\"name\":\"Amozoc destaca en la Feria de Puebla con el stand m\u00e1s grande dedicado a sus artesanos - Revista Dominio Pol\u00edtico Mx\",\"isPartOf\":{\"@id\":\"https:\/\/dominiopolitico.mx\/#website\"},\"primaryImageOfPage\":{\"@id\":\"https:\/\/dominiopolitico.mx\/index.php\/2026\/04\/25\/amozoc-destaca-en-la-feria-de-puebla-con-el-stand-mas-grande-dedicado-a-sus-artesanos\/#primaryimage\"},\"image\":{\"@id\":\"https:\/\/dominiopolitico.mx\/index.php\/2026\/04\/25\/amozoc-destaca-en-la-feria-de-puebla-con-el-stand-mas-grande-dedicado-a-sus-artesanos\/#primaryimage\"},\"thumbnailUrl\":\"https:\/\/dominiopolitico.mx\/wp-content\/uploads\/2026\/04\/DOMINIO-POLITICO-MX-WEB-21.png\",\"datePublished\":\"2026-04-25T16:23:22+00:00\",\"dateModified\":\"2026-04-25T16:41:17+00:00\",\"author\":{\"@id\":\"https:\/\/dominiopolitico.mx\/#\/schema\/person\/9039ed9338d1ecbe0fd9dea650cbf631\"},\"description\":\"En el marco de la Feria de Puebla, el municipio de Amozoc ha logrado posicionarse como un referente en la promoci\u00f3n de su riqueza cultural y artesanal, al contar por primera vez con un stand propio que se ha convertido en punto de encuentro para exhibir el talento, la tradici\u00f3n y el trabajo de sus artesanas y artesanos.\",\"breadcrumb\":{\"@id\":\"https:\/\/dominiopolitico.mx\/index.php\/2026\/04\/25\/amozoc-destaca-en-la-feria-de-puebla-con-el-stand-mas-grande-dedicado-a-sus-artesanos\/#breadcrumb\"},\"inLanguage\":\"es\",\"potentialAction\":[{\"@type\":\"ReadAction\",\"target\":[\"https:\/\/dominiopolitico.mx\/index.php\/2026\/04\/25\/amozoc-destaca-en-la-feria-de-puebla-con-el-stand-mas-grande-dedicado-a-sus-artesanos\/\"]}]},{\"@type\":\"ImageObject\",\"inLanguage\":\"es\",\"@id\":\"https:\/\/dominiopolitico.mx\/index.php\/2026\/04\/25\/amozoc-destaca-en-la-feria-de-puebla-con-el-stand-mas-grande-dedicado-a-sus-artesanos\/#primaryimage\",\"url\":\"https:\/\/dominiopolitico.mx\/wp-content\/uploads\/2026\/04\/DOMINIO-POLITICO-MX-WEB-21.png\",\"contentUrl\":\"https:\/\/dominiopolitico.mx\/wp-content\/uploads\/2026\/04\/DOMINIO-POLITICO-MX-WEB-21.png\",\"width\":2000,\"height\":1145},{\"@type\":\"BreadcrumbList\",\"@id\":\"https:\/\/dominiopolitico.mx\/index.php\/2026\/04\/25\/amozoc-destaca-en-la-feria-de-puebla-con-el-stand-mas-grande-dedicado-a-sus-artesanos\/#breadcrumb\",\"itemListElement\":[{\"@type\":\"ListItem\",\"position\":1,\"name\":\"Portada\",\"item\":\"https:\/\/dominiopolitico.mx\/\"},{\"@type\":\"ListItem\",\"position\":2,\"name\":\"Amozoc destaca en la Feria de Puebla con el stand m\u00e1s grande dedicado a sus artesanos\"}]},{\"@type\":\"WebSite\",\"@id\":\"https:\/\/dominiopolitico.mx\/#website\",\"url\":\"https:\/\/dominiopolitico.mx\/\",\"name\":\"Revista Dominio Pol\u00edtico Mx\",\"description\":\"La estrategia detr\u00e1s del juego\",\"potentialAction\":[{\"@type\":\"SearchAction\",\"target\":{\"@type\":\"EntryPoint\",\"urlTemplate\":\"https:\/\/dominiopolitico.mx\/?s={search_term_string}\"},\"query-input\":{\"@type\":\"PropertyValueSpecification\",\"valueRequired\":true,\"valueName\":\"search_term_string\"}}],\"inLanguage\":\"es\"},{\"@type\":\"Person\",\"@id\":\"https:\/\/dominiopolitico.mx\/#\/schema\/person\/9039ed9338d1ecbe0fd9dea650cbf631\",\"name\":\"Daniela\",\"image\":{\"@type\":\"ImageObject\",\"inLanguage\":\"es\",\"@id\":\"https:\/\/dominiopolitico.mx\/#\/schema\/person\/image\/\",\"url\":\"https:\/\/secure.gravatar.com\/avatar\/0aa38a3cfb86bac1c718c050b6f2506233b3ccee810ad02e926dd138373f50a3?s=96&d=mm&r=g\",\"contentUrl\":\"https:\/\/secure.gravatar.com\/avatar\/0aa38a3cfb86bac1c718c050b6f2506233b3ccee810ad02e926dd138373f50a3?s=96&d=mm&r=g\",\"caption\":\"Daniela\"},\"url\":\"https:\/\/dominiopolitico.mx\/index.php\/author\/staff\/\"}]}<\/script>\n<!-- \/ Yoast SEO plugin. -->","yoast_head_json":{"title":"Amozoc destaca en la Feria de Puebla con el stand m\u00e1s grande dedicado a sus artesanos - Revista Dominio Pol\u00edtico Mx","description":"En el marco de la Feria de Puebla, el municipio de Amozoc ha logrado posicionarse como un referente en la promoci\u00f3n de su riqueza cultural y artesanal, al contar por primera vez con un stand propio que se ha convertido en punto de encuentro para exhibir el talento, la tradici\u00f3n y el trabajo de sus artesanas y artesanos.","robots":{"index":"index","follow":"follow","max-snippet":"max-snippet:-1","max-image-preview":"max-image-preview:large","max-video-preview":"max-video-preview:-1"},"canonical":"https:\/\/dominiopolitico.mx\/index.php\/2026\/04\/25\/amozoc-destaca-en-la-feria-de-puebla-con-el-stand-mas-grande-dedicado-a-sus-artesanos\/","og_locale":"es_ES","og_type":"article","og_title":"Amozoc destaca en la Feria de Puebla con el stand m\u00e1s grande dedicado a sus artesanos - Revista Dominio Pol\u00edtico Mx","og_description":"En el marco de la Feria de Puebla, el municipio de Amozoc ha logrado posicionarse como un referente en la promoci\u00f3n de su riqueza cultural y artesanal, al contar por primera vez con un stand propio que se ha convertido en punto de encuentro para exhibir el talento, la tradici\u00f3n y el trabajo de sus artesanas y artesanos.","og_url":"https:\/\/dominiopolitico.mx\/index.php\/2026\/04\/25\/amozoc-destaca-en-la-feria-de-puebla-con-el-stand-mas-grande-dedicado-a-sus-artesanos\/","og_site_name":"Revista Dominio Pol\u00edtico Mx","article_published_time":"2026-04-25T16:23:22+00:00","article_modified_time":"2026-04-25T16:41:17+00:00","og_image":[{"width":1886,"height":1080,"url":"https:\/\/dominiopolitico.mx\/wp-content\/uploads\/2026\/04\/DOMINIO-POLITICO-MX-WEB-21-1886x1080.png","type":"image\/png"}],"author":"Daniela","twitter_card":"summary_large_image","twitter_misc":{"Escrito por":"Daniela","Tiempo de lectura":"2 minutos"},"schema":{"@context":"https:\/\/schema.org","@graph":[{"@type":"WebPage","@id":"https:\/\/dominiopolitico.mx\/index.php\/2026\/04\/25\/amozoc-destaca-en-la-feria-de-puebla-con-el-stand-mas-grande-dedicado-a-sus-artesanos\/","url":"https:\/\/dominiopolitico.mx\/index.php\/2026\/04\/25\/amozoc-destaca-en-la-feria-de-puebla-con-el-stand-mas-grande-dedicado-a-sus-artesanos\/","name":"Amozoc destaca en la Feria de Puebla con el stand m\u00e1s grande dedicado a sus artesanos - Revista Dominio Pol\u00edtico Mx","isPartOf":{"@id":"https:\/\/dominiopolitico.mx\/#website"},"primaryImageOfPage":{"@id":"https:\/\/dominiopolitico.mx\/index.php\/2026\/04\/25\/amozoc-destaca-en-la-feria-de-puebla-con-el-stand-mas-grande-dedicado-a-sus-artesanos\/#primaryimage"},"image":{"@id":"https:\/\/dominiopolitico.mx\/index.php\/2026\/04\/25\/amozoc-destaca-en-la-feria-de-puebla-con-el-stand-mas-grande-dedicado-a-sus-artesanos\/#primaryimage"},"thumbnailUrl":"https:\/\/dominiopolitico.mx\/wp-content\/uploads\/2026\/04\/DOMINIO-POLITICO-MX-WEB-21.png","datePublished":"2026-04-25T16:23:22+00:00","dateModified":"2026-04-25T16:41:17+00:00","author":{"@id":"https:\/\/dominiopolitico.mx\/#\/schema\/person\/9039ed9338d1ecbe0fd9dea650cbf631"},"description":"En el marco de la Feria de Puebla, el municipio de Amozoc ha logrado posicionarse como un referente en la promoci\u00f3n de su riqueza cultural y artesanal, al contar por primera vez con un stand propio que se ha convertido en punto de encuentro para exhibir el talento, la tradici\u00f3n y el trabajo de sus artesanas y artesanos.","breadcrumb":{"@id":"https:\/\/dominiopolitico.mx\/index.php\/2026\/04\/25\/amozoc-destaca-en-la-feria-de-puebla-con-el-stand-mas-grande-dedicado-a-sus-artesanos\/#breadcrumb"},"inLanguage":"es","potentialAction":[{"@type":"ReadAction","target":["https:\/\/dominiopolitico.mx\/index.php\/2026\/04\/25\/amozoc-destaca-en-la-feria-de-puebla-con-el-stand-mas-grande-dedicado-a-sus-artesanos\/"]}]},{"@type":"ImageObject","inLanguage":"es","@id":"https:\/\/dominiopolitico.mx\/index.php\/2026\/04\/25\/amozoc-destaca-en-la-feria-de-puebla-con-el-stand-mas-grande-dedicado-a-sus-artesanos\/#primaryimage","url":"https:\/\/dominiopolitico.mx\/wp-content\/uploads\/2026\/04\/DOMINIO-POLITICO-MX-WEB-21.png","contentUrl":"https:\/\/dominiopolitico.mx\/wp-content\/uploads\/2026\/04\/DOMINIO-POLITICO-MX-WEB-21.png","width":2000,"height":1145},{"@type":"BreadcrumbList","@id":"https:\/\/dominiopolitico.mx\/index.php\/2026\/04\/25\/amozoc-destaca-en-la-feria-de-puebla-con-el-stand-mas-grande-dedicado-a-sus-artesanos\/#breadcrumb","itemListElement":[{"@type":"ListItem","position":1,"name":"Portada","item":"https:\/\/dominiopolitico.mx\/"},{"@type":"ListItem","position":2,"name":"Amozoc destaca en la Feria de Puebla con el stand m\u00e1s grande dedicado a sus artesanos"}]},{"@type":"WebSite","@id":"https:\/\/dominiopolitico.mx\/#website","url":"https:\/\/dominiopolitico.mx\/","name":"Revista Dominio Pol\u00edtico Mx","description":"La estrategia detr\u00e1s del juego","potentialAction":[{"@type":"SearchAction","target":{"@type":"EntryPoint","urlTemplate":"https:\/\/dominiopolitico.mx\/?s={search_term_string}"},"query-input":{"@type":"PropertyValueSpecification","valueRequired":true,"valueName":"search_term_string"}}],"inLanguage":"es"},{"@type":"Person","@id":"https:\/\/dominiopolitico.mx\/#\/schema\/person\/9039ed9338d1ecbe0fd9dea650cbf631","name":"Daniela","image":{"@type":"ImageObject","inLanguage":"es","@id":"https:\/\/dominiopolitico.mx\/#\/schema\/person\/image\/","url":"https:\/\/secure.gravatar.com\/avatar\/0aa38a3cfb86bac1c718c050b6f2506233b3ccee810ad02e926dd138373f50a3?s=96&d=mm&r=g","contentUrl":"https:\/\/secure.gravatar.com\/avatar\/0aa38a3cfb86bac1c718c050b6f2506233b3ccee810ad02e926dd138373f50a3?s=96&d=mm&r=g","caption":"Daniela"},"url":"https:\/\/dominiopolitico.mx\/index.php\/author\/staff\/"}]}},"_links":{"self":[{"href":"https:\/\/dominiopolitico.mx\/index.php\/wp-json\/wp\/v2\/posts\/4374","targetHints":{"allow":["GET"]}}],"collection":[{"href":"https:\/\/dominiopolitico.mx\/index.php\/wp-json\/wp\/v2\/posts"}],"about":[{"href":"https:\/\/dominiopolitico.mx\/index.php\/wp-json\/wp\/v2\/types\/post"}],"author":[{"embeddable":true,"href":"https:\/\/dominiopolitico.mx\/index.php\/wp-json\/wp\/v2\/users\/2"}],"replies":[{"embeddable":true,"href":"https:\/\/dominiopolitico.mx\/index.php\/wp-json\/wp\/v2\/comments?post=4374"}],"version-history":[{"count":2,"href":"https:\/\/dominiopolitico.mx\/index.php\/wp-json\/wp\/v2\/posts\/4374\/revisions"}],"predecessor-version":[{"id":4378,"href":"https:\/\/dominiopolitico.mx\/index.php\/wp-json\/wp\/v2\/posts\/4374\/revisions\/4378"}],"wp:featuredmedia":[{"embeddable":true,"href":"https:\/\/dominiopolitico.mx\/index.php\/wp-json\/wp\/v2\/media\/4375"}],"wp:attachment":[{"href":"https:\/\/dominiopolitico.mx\/index.php\/wp-json\/wp\/v2\/media?parent=4374"}],"wp:term":[{"taxonomy":"category","embeddable":true,"href":"https:\/\/dominiopolitico.mx\/index.php\/wp-json\/wp\/v2\/categories?post=4374"},{"taxonomy":"post_tag","embeddable":true,"href":"https:\/\/dominiopolitico.mx\/index.php\/wp-json\/wp\/v2\/tags?post=4374"}],"curies":[{"name":"wp","href":"https:\/\/api.w.org\/{rel}","templated":true}]}}