{"id":4387,"date":"2026-04-25T23:41:17","date_gmt":"2026-04-25T23:41:17","guid":{"rendered":"https:\/\/dominiopolitico.mx\/?p=4387"},"modified":"2026-04-25T23:41:24","modified_gmt":"2026-04-25T23:41:24","slug":"el-embajador-global-para-la-paz-dr-fernando-carbajal-desarrollo-una-intensa-agenda-de-trabajo-en-europa","status":"publish","type":"post","link":"https:\/\/dominiopolitico.mx\/index.php\/2026\/04\/25\/el-embajador-global-para-la-paz-dr-fernando-carbajal-desarrollo-una-intensa-agenda-de-trabajo-en-europa\/","title":{"rendered":"El Embajador Global para la Paz, Dr. Fernando Carbajal, desarroll\u00f3 una intensa agenda de trabajo en Europa"},"content":{"rendered":"\n<p><\/p>\n\n\n\n<p>El Embajador Global para la Paz, Dr. Fernando Carbajal, llev\u00f3 a cabo una destacada agenda de trabajo en Europa, orientada a fortalecer la vinculaci\u00f3n empresarial, promover el intercambio de experiencias y generar nuevas oportunidades de cooperaci\u00f3n internacional. Su recorrido incluy\u00f3 actividades en la ciudad de Roma y en la emblem\u00e1tica isla de Murano, en Venecia, consolidando una presencia activa en espacios clave del entramado productivo y emprendedor europeo.<\/p>\n\n\n\n<p>Durante su estancia en Roma, uno de los principales centros pol\u00edticos, econ\u00f3micos y culturales del continente, el Dr. Carbajal sostuvo reuniones con referentes del sector empresarial, participando en encuentros que propiciaron el intercambio de perspectivas en torno al desarrollo sostenible, la innovaci\u00f3n y la articulaci\u00f3n p\u00fablico-privada. Estas instancias no solo consolidaron el di\u00e1logo institucional, sino que tambi\u00e9n abrieron nuevas oportunidades para el establecimiento de alianzas estrat\u00e9gicas orientadas a impulsar proyectos con impacto social y econ\u00f3mico.<\/p>\n\n\n\n<p>Como parte central de su agenda, el Embajador visit\u00f3 a emprendedores locales, con quienes comparti\u00f3 experiencias sobre modelos de negocio, procesos de innovaci\u00f3n y din\u00e1micas de crecimiento en entornos altamente competitivos. Este acercamiento permiti\u00f3 identificar buenas pr\u00e1cticas y generar oportunidades de transferencia de conocimiento, especialmente relevantes para el fortalecimiento de ecosistemas emprendedores en Am\u00e9rica Latina.<\/p>\n\n\n\n<p>Asimismo, mantuvo encuentros con representantes de diversas c\u00e1maras empresariales, profundizando en sus estructuras organizativas, mecanismos de representaci\u00f3n y estrategias de fortalecimiento sectorial. Estas instituciones desempe\u00f1an un papel fundamental en la promoci\u00f3n del desarrollo econ\u00f3mico, por lo que el establecimiento de v\u00ednculos con ellas representa una oportunidad concreta para fomentar redes de cooperaci\u00f3n internacional, facilitar el acceso a nuevos mercados y promover el intercambio comercial y tecnol\u00f3gico.<\/p>\n\n\n\n<p>La agenda continu\u00f3 en la isla de Murano, reconocida a nivel mundial por su tradici\u00f3n en la producci\u00f3n de vidrio artesanal. En este contexto, el Dr. Carbajal destac\u00f3 el valor de la identidad cultural como motor de desarrollo econ\u00f3mico, subrayando c\u00f3mo la integraci\u00f3n entre tradici\u00f3n, innovaci\u00f3n y trabajo colaborativo permite generar productos de alto valor agregado con proyecci\u00f3n global. Esta experiencia refuerza la importancia de preservar el patrimonio cultural al tiempo que se impulsa la inserci\u00f3n en mercados internacionales.<\/p>\n\n\n\n<p>A lo largo de la gira, el denominador com\u00fan fue la construcci\u00f3n de v\u00ednculos s\u00f3lidos basados en la confianza, el respeto mutuo y una visi\u00f3n compartida de desarrollo sostenible e inclusivo. La labor del Embajador se caracteriz\u00f3 por una participaci\u00f3n activa en la generaci\u00f3n de espacios de di\u00e1logo y cooperaci\u00f3n, posicionando a Am\u00e9rica como un socio estrat\u00e9gico con amplias oportunidades de crecimiento.<\/p>\n\n\n\n<p>Estas acciones se enmarcan en una estrategia integral de proyecci\u00f3n internacional, en la que las relaciones institucionales y empresariales adquieren un rol central. La conexi\u00f3n entre ecosistemas productivos de distintos continentes no solo ampl\u00eda horizontes comerciales, sino que tambi\u00e9n fortalece las capacidades locales mediante el intercambio de conocimientos, tecnolog\u00edas y modelos de gesti\u00f3n.<\/p>\n\n\n\n<p>En este contexto, las iniciativas impulsadas durante esta gira proyectan un fortalecimiento sostenido de los lazos entre Europa y Am\u00e9rica, con oportunidades relevantes en sectores como la innovaci\u00f3n, la econom\u00eda del conocimiento, la producci\u00f3n sustentable y el desarrollo de emprendimientos con impacto social. La cooperaci\u00f3n internacional se consolida as\u00ed como un pilar clave para el crecimiento conjunto.<\/p>\n\n\n\n<p>El trabajo desarrollado por el Dr. Fernando Carbajal reafirma la relevancia de la diplomacia empresarial y social como herramientas fundamentales para la construcci\u00f3n de puentes entre regiones. En un entorno global marcado por desaf\u00edos complejos, estas iniciativas permiten impulsar soluciones colaborativas orientadas a un desarrollo m\u00e1s equilibrado, inclusivo y sostenible.<\/p>\n\n\n\n<p>En s\u00edntesis, la gira por Roma y Murano representa un paso significativo en la consolidaci\u00f3n de una red internacional de v\u00ednculos estrat\u00e9gicos, generando nuevas oportunidades para Am\u00e9rica y fortaleciendo su posicionamiento en el escenario global.<\/p>\n\n\n\n<p><\/p>\n","protected":false},"excerpt":{"rendered":"<p>El Embajador Global para la Paz, Dr. Fernando Carbajal, llev\u00f3 a cabo una destacada agenda de trabajo en Europa, orientada a fortalecer la vinculaci\u00f3n empresarial, promover el intercambio de experiencias&hellip; <\/p>\n","protected":false},"author":2,"featured_media":4388,"comment_status":"open","ping_status":"closed","sticky":false,"template":"","format":"standard","meta":{"footnotes":""},"categories":[1580],"tags":[1626,676,1625],"class_list":["post-4387","post","type-post","status-publish","format-standard","has-post-thumbnail","hentry","category-dr-fernando-carbajal-embajador-para-la-paz-mundial-status-ecosoc-onu","tag-agenda","tag-dr-fernando-carbajal","tag-embajador-global-para-la-paz"],"yoast_head":"<!-- This site is optimized with the Yoast SEO plugin v25.4 - https:\/\/yoast.com\/wordpress\/plugins\/seo\/ -->\n<title>El Embajador Global para la Paz, Dr. Fernando Carbajal, desarroll\u00f3 una intensa agenda de trabajo en Europa - Revista Dominio Pol\u00edtico Mx<\/title>\n<meta name=\"description\" content=\"El Embajador Global para la Paz, Dr. Fernando Carbajal, llev\u00f3 a cabo una destacada agenda de trabajo en Europa, orientada a fortalecer la vinculaci\u00f3n empresarial, promover el intercambio de experiencias y generar nuevas oportunidades de cooperaci\u00f3n internacional.\" \/>\n<meta name=\"robots\" content=\"index, follow, max-snippet:-1, max-image-preview:large, max-video-preview:-1\" \/>\n<link rel=\"canonical\" href=\"https:\/\/dominiopolitico.mx\/index.php\/2026\/04\/25\/el-embajador-global-para-la-paz-dr-fernando-carbajal-desarrollo-una-intensa-agenda-de-trabajo-en-europa\/\" \/>\n<meta property=\"og:locale\" content=\"es_ES\" \/>\n<meta property=\"og:type\" content=\"article\" \/>\n<meta property=\"og:title\" content=\"El Embajador Global para la Paz, Dr. Fernando Carbajal, desarroll\u00f3 una intensa agenda de trabajo en Europa - Revista Dominio Pol\u00edtico Mx\" \/>\n<meta property=\"og:description\" content=\"El Embajador Global para la Paz, Dr. Fernando Carbajal, llev\u00f3 a cabo una destacada agenda de trabajo en Europa, orientada a fortalecer la vinculaci\u00f3n empresarial, promover el intercambio de experiencias y generar nuevas oportunidades de cooperaci\u00f3n internacional.\" \/>\n<meta property=\"og:url\" content=\"https:\/\/dominiopolitico.mx\/index.php\/2026\/04\/25\/el-embajador-global-para-la-paz-dr-fernando-carbajal-desarrollo-una-intensa-agenda-de-trabajo-en-europa\/\" \/>\n<meta property=\"og:site_name\" content=\"Revista Dominio Pol\u00edtico Mx\" \/>\n<meta property=\"article:published_time\" content=\"2026-04-25T23:41:17+00:00\" \/>\n<meta property=\"article:modified_time\" content=\"2026-04-25T23:41:24+00:00\" \/>\n<meta property=\"og:image\" content=\"https:\/\/dominiopolitico.mx\/wp-content\/uploads\/2026\/04\/DOMINIO-POLITICO-MX-WEB-22-768x440.png\" \/>\n\t<meta property=\"og:image:width\" content=\"768\" \/>\n\t<meta property=\"og:image:height\" content=\"440\" \/>\n\t<meta property=\"og:image:type\" content=\"image\/png\" \/>\n<meta name=\"author\" content=\"Daniela\" \/>\n<meta name=\"twitter:card\" content=\"summary_large_image\" \/>\n<meta name=\"twitter:label1\" content=\"Escrito por\" \/>\n\t<meta name=\"twitter:data1\" content=\"Daniela\" \/>\n\t<meta name=\"twitter:label2\" content=\"Tiempo de lectura\" \/>\n\t<meta name=\"twitter:data2\" content=\"3 minutos\" \/>\n<script type=\"application\/ld+json\" class=\"yoast-schema-graph\">{\"@context\":\"https:\/\/schema.org\",\"@graph\":[{\"@type\":\"WebPage\",\"@id\":\"https:\/\/dominiopolitico.mx\/index.php\/2026\/04\/25\/el-embajador-global-para-la-paz-dr-fernando-carbajal-desarrollo-una-intensa-agenda-de-trabajo-en-europa\/\",\"url\":\"https:\/\/dominiopolitico.mx\/index.php\/2026\/04\/25\/el-embajador-global-para-la-paz-dr-fernando-carbajal-desarrollo-una-intensa-agenda-de-trabajo-en-europa\/\",\"name\":\"El Embajador Global para la Paz, Dr. Fernando Carbajal, desarroll\u00f3 una intensa agenda de trabajo en Europa - Revista Dominio Pol\u00edtico Mx\",\"isPartOf\":{\"@id\":\"https:\/\/dominiopolitico.mx\/#website\"},\"primaryImageOfPage\":{\"@id\":\"https:\/\/dominiopolitico.mx\/index.php\/2026\/04\/25\/el-embajador-global-para-la-paz-dr-fernando-carbajal-desarrollo-una-intensa-agenda-de-trabajo-en-europa\/#primaryimage\"},\"image\":{\"@id\":\"https:\/\/dominiopolitico.mx\/index.php\/2026\/04\/25\/el-embajador-global-para-la-paz-dr-fernando-carbajal-desarrollo-una-intensa-agenda-de-trabajo-en-europa\/#primaryimage\"},\"thumbnailUrl\":\"https:\/\/dominiopolitico.mx\/wp-content\/uploads\/2026\/04\/DOMINIO-POLITICO-MX-WEB-22.png\",\"datePublished\":\"2026-04-25T23:41:17+00:00\",\"dateModified\":\"2026-04-25T23:41:24+00:00\",\"author\":{\"@id\":\"https:\/\/dominiopolitico.mx\/#\/schema\/person\/9039ed9338d1ecbe0fd9dea650cbf631\"},\"description\":\"El Embajador Global para la Paz, Dr. Fernando Carbajal, llev\u00f3 a cabo una destacada agenda de trabajo en Europa, orientada a fortalecer la vinculaci\u00f3n empresarial, promover el intercambio de experiencias y generar nuevas oportunidades de cooperaci\u00f3n internacional.\",\"breadcrumb\":{\"@id\":\"https:\/\/dominiopolitico.mx\/index.php\/2026\/04\/25\/el-embajador-global-para-la-paz-dr-fernando-carbajal-desarrollo-una-intensa-agenda-de-trabajo-en-europa\/#breadcrumb\"},\"inLanguage\":\"es\",\"potentialAction\":[{\"@type\":\"ReadAction\",\"target\":[\"https:\/\/dominiopolitico.mx\/index.php\/2026\/04\/25\/el-embajador-global-para-la-paz-dr-fernando-carbajal-desarrollo-una-intensa-agenda-de-trabajo-en-europa\/\"]}]},{\"@type\":\"ImageObject\",\"inLanguage\":\"es\",\"@id\":\"https:\/\/dominiopolitico.mx\/index.php\/2026\/04\/25\/el-embajador-global-para-la-paz-dr-fernando-carbajal-desarrollo-una-intensa-agenda-de-trabajo-en-europa\/#primaryimage\",\"url\":\"https:\/\/dominiopolitico.mx\/wp-content\/uploads\/2026\/04\/DOMINIO-POLITICO-MX-WEB-22.png\",\"contentUrl\":\"https:\/\/dominiopolitico.mx\/wp-content\/uploads\/2026\/04\/DOMINIO-POLITICO-MX-WEB-22.png\",\"width\":2000,\"height\":1145},{\"@type\":\"BreadcrumbList\",\"@id\":\"https:\/\/dominiopolitico.mx\/index.php\/2026\/04\/25\/el-embajador-global-para-la-paz-dr-fernando-carbajal-desarrollo-una-intensa-agenda-de-trabajo-en-europa\/#breadcrumb\",\"itemListElement\":[{\"@type\":\"ListItem\",\"position\":1,\"name\":\"Portada\",\"item\":\"https:\/\/dominiopolitico.mx\/\"},{\"@type\":\"ListItem\",\"position\":2,\"name\":\"El Embajador Global para la Paz, Dr. Fernando Carbajal, desarroll\u00f3 una intensa agenda de trabajo en Europa\"}]},{\"@type\":\"WebSite\",\"@id\":\"https:\/\/dominiopolitico.mx\/#website\",\"url\":\"https:\/\/dominiopolitico.mx\/\",\"name\":\"Revista Dominio Pol\u00edtico Mx\",\"description\":\"La estrategia detr\u00e1s del juego\",\"potentialAction\":[{\"@type\":\"SearchAction\",\"target\":{\"@type\":\"EntryPoint\",\"urlTemplate\":\"https:\/\/dominiopolitico.mx\/?s={search_term_string}\"},\"query-input\":{\"@type\":\"PropertyValueSpecification\",\"valueRequired\":true,\"valueName\":\"search_term_string\"}}],\"inLanguage\":\"es\"},{\"@type\":\"Person\",\"@id\":\"https:\/\/dominiopolitico.mx\/#\/schema\/person\/9039ed9338d1ecbe0fd9dea650cbf631\",\"name\":\"Daniela\",\"image\":{\"@type\":\"ImageObject\",\"inLanguage\":\"es\",\"@id\":\"https:\/\/dominiopolitico.mx\/#\/schema\/person\/image\/\",\"url\":\"https:\/\/secure.gravatar.com\/avatar\/0aa38a3cfb86bac1c718c050b6f2506233b3ccee810ad02e926dd138373f50a3?s=96&d=mm&r=g\",\"contentUrl\":\"https:\/\/secure.gravatar.com\/avatar\/0aa38a3cfb86bac1c718c050b6f2506233b3ccee810ad02e926dd138373f50a3?s=96&d=mm&r=g\",\"caption\":\"Daniela\"},\"url\":\"https:\/\/dominiopolitico.mx\/index.php\/author\/staff\/\"}]}<\/script>\n<!-- \/ Yoast SEO plugin. -->","yoast_head_json":{"title":"El Embajador Global para la Paz, Dr. Fernando Carbajal, desarroll\u00f3 una intensa agenda de trabajo en Europa - Revista Dominio Pol\u00edtico Mx","description":"El Embajador Global para la Paz, Dr. Fernando Carbajal, llev\u00f3 a cabo una destacada agenda de trabajo en Europa, orientada a fortalecer la vinculaci\u00f3n empresarial, promover el intercambio de experiencias y generar nuevas oportunidades de cooperaci\u00f3n internacional.","robots":{"index":"index","follow":"follow","max-snippet":"max-snippet:-1","max-image-preview":"max-image-preview:large","max-video-preview":"max-video-preview:-1"},"canonical":"https:\/\/dominiopolitico.mx\/index.php\/2026\/04\/25\/el-embajador-global-para-la-paz-dr-fernando-carbajal-desarrollo-una-intensa-agenda-de-trabajo-en-europa\/","og_locale":"es_ES","og_type":"article","og_title":"El Embajador Global para la Paz, Dr. Fernando Carbajal, desarroll\u00f3 una intensa agenda de trabajo en Europa - Revista Dominio Pol\u00edtico Mx","og_description":"El Embajador Global para la Paz, Dr. Fernando Carbajal, llev\u00f3 a cabo una destacada agenda de trabajo en Europa, orientada a fortalecer la vinculaci\u00f3n empresarial, promover el intercambio de experiencias y generar nuevas oportunidades de cooperaci\u00f3n internacional.","og_url":"https:\/\/dominiopolitico.mx\/index.php\/2026\/04\/25\/el-embajador-global-para-la-paz-dr-fernando-carbajal-desarrollo-una-intensa-agenda-de-trabajo-en-europa\/","og_site_name":"Revista Dominio Pol\u00edtico Mx","article_published_time":"2026-04-25T23:41:17+00:00","article_modified_time":"2026-04-25T23:41:24+00:00","og_image":[{"width":768,"height":440,"url":"https:\/\/dominiopolitico.mx\/wp-content\/uploads\/2026\/04\/DOMINIO-POLITICO-MX-WEB-22-768x440.png","type":"image\/png"}],"author":"Daniela","twitter_card":"summary_large_image","twitter_misc":{"Escrito por":"Daniela","Tiempo de lectura":"3 minutos"},"schema":{"@context":"https:\/\/schema.org","@graph":[{"@type":"WebPage","@id":"https:\/\/dominiopolitico.mx\/index.php\/2026\/04\/25\/el-embajador-global-para-la-paz-dr-fernando-carbajal-desarrollo-una-intensa-agenda-de-trabajo-en-europa\/","url":"https:\/\/dominiopolitico.mx\/index.php\/2026\/04\/25\/el-embajador-global-para-la-paz-dr-fernando-carbajal-desarrollo-una-intensa-agenda-de-trabajo-en-europa\/","name":"El Embajador Global para la Paz, Dr. Fernando Carbajal, desarroll\u00f3 una intensa agenda de trabajo en Europa - Revista Dominio Pol\u00edtico Mx","isPartOf":{"@id":"https:\/\/dominiopolitico.mx\/#website"},"primaryImageOfPage":{"@id":"https:\/\/dominiopolitico.mx\/index.php\/2026\/04\/25\/el-embajador-global-para-la-paz-dr-fernando-carbajal-desarrollo-una-intensa-agenda-de-trabajo-en-europa\/#primaryimage"},"image":{"@id":"https:\/\/dominiopolitico.mx\/index.php\/2026\/04\/25\/el-embajador-global-para-la-paz-dr-fernando-carbajal-desarrollo-una-intensa-agenda-de-trabajo-en-europa\/#primaryimage"},"thumbnailUrl":"https:\/\/dominiopolitico.mx\/wp-content\/uploads\/2026\/04\/DOMINIO-POLITICO-MX-WEB-22.png","datePublished":"2026-04-25T23:41:17+00:00","dateModified":"2026-04-25T23:41:24+00:00","author":{"@id":"https:\/\/dominiopolitico.mx\/#\/schema\/person\/9039ed9338d1ecbe0fd9dea650cbf631"},"description":"El Embajador Global para la Paz, Dr. Fernando Carbajal, llev\u00f3 a cabo una destacada agenda de trabajo en Europa, orientada a fortalecer la vinculaci\u00f3n empresarial, promover el intercambio de experiencias y generar nuevas oportunidades de cooperaci\u00f3n internacional.","breadcrumb":{"@id":"https:\/\/dominiopolitico.mx\/index.php\/2026\/04\/25\/el-embajador-global-para-la-paz-dr-fernando-carbajal-desarrollo-una-intensa-agenda-de-trabajo-en-europa\/#breadcrumb"},"inLanguage":"es","potentialAction":[{"@type":"ReadAction","target":["https:\/\/dominiopolitico.mx\/index.php\/2026\/04\/25\/el-embajador-global-para-la-paz-dr-fernando-carbajal-desarrollo-una-intensa-agenda-de-trabajo-en-europa\/"]}]},{"@type":"ImageObject","inLanguage":"es","@id":"https:\/\/dominiopolitico.mx\/index.php\/2026\/04\/25\/el-embajador-global-para-la-paz-dr-fernando-carbajal-desarrollo-una-intensa-agenda-de-trabajo-en-europa\/#primaryimage","url":"https:\/\/dominiopolitico.mx\/wp-content\/uploads\/2026\/04\/DOMINIO-POLITICO-MX-WEB-22.png","contentUrl":"https:\/\/dominiopolitico.mx\/wp-content\/uploads\/2026\/04\/DOMINIO-POLITICO-MX-WEB-22.png","width":2000,"height":1145},{"@type":"BreadcrumbList","@id":"https:\/\/dominiopolitico.mx\/index.php\/2026\/04\/25\/el-embajador-global-para-la-paz-dr-fernando-carbajal-desarrollo-una-intensa-agenda-de-trabajo-en-europa\/#breadcrumb","itemListElement":[{"@type":"ListItem","position":1,"name":"Portada","item":"https:\/\/dominiopolitico.mx\/"},{"@type":"ListItem","position":2,"name":"El Embajador Global para la Paz, Dr. Fernando Carbajal, desarroll\u00f3 una intensa agenda de trabajo en Europa"}]},{"@type":"WebSite","@id":"https:\/\/dominiopolitico.mx\/#website","url":"https:\/\/dominiopolitico.mx\/","name":"Revista Dominio Pol\u00edtico Mx","description":"La estrategia detr\u00e1s del juego","potentialAction":[{"@type":"SearchAction","target":{"@type":"EntryPoint","urlTemplate":"https:\/\/dominiopolitico.mx\/?s={search_term_string}"},"query-input":{"@type":"PropertyValueSpecification","valueRequired":true,"valueName":"search_term_string"}}],"inLanguage":"es"},{"@type":"Person","@id":"https:\/\/dominiopolitico.mx\/#\/schema\/person\/9039ed9338d1ecbe0fd9dea650cbf631","name":"Daniela","image":{"@type":"ImageObject","inLanguage":"es","@id":"https:\/\/dominiopolitico.mx\/#\/schema\/person\/image\/","url":"https:\/\/secure.gravatar.com\/avatar\/0aa38a3cfb86bac1c718c050b6f2506233b3ccee810ad02e926dd138373f50a3?s=96&d=mm&r=g","contentUrl":"https:\/\/secure.gravatar.com\/avatar\/0aa38a3cfb86bac1c718c050b6f2506233b3ccee810ad02e926dd138373f50a3?s=96&d=mm&r=g","caption":"Daniela"},"url":"https:\/\/dominiopolitico.mx\/index.php\/author\/staff\/"}]}},"_links":{"self":[{"href":"https:\/\/dominiopolitico.mx\/index.php\/wp-json\/wp\/v2\/posts\/4387","targetHints":{"allow":["GET"]}}],"collection":[{"href":"https:\/\/dominiopolitico.mx\/index.php\/wp-json\/wp\/v2\/posts"}],"about":[{"href":"https:\/\/dominiopolitico.mx\/index.php\/wp-json\/wp\/v2\/types\/post"}],"author":[{"embeddable":true,"href":"https:\/\/dominiopolitico.mx\/index.php\/wp-json\/wp\/v2\/users\/2"}],"replies":[{"embeddable":true,"href":"https:\/\/dominiopolitico.mx\/index.php\/wp-json\/wp\/v2\/comments?post=4387"}],"version-history":[{"count":1,"href":"https:\/\/dominiopolitico.mx\/index.php\/wp-json\/wp\/v2\/posts\/4387\/revisions"}],"predecessor-version":[{"id":4389,"href":"https:\/\/dominiopolitico.mx\/index.php\/wp-json\/wp\/v2\/posts\/4387\/revisions\/4389"}],"wp:featuredmedia":[{"embeddable":true,"href":"https:\/\/dominiopolitico.mx\/index.php\/wp-json\/wp\/v2\/media\/4388"}],"wp:attachment":[{"href":"https:\/\/dominiopolitico.mx\/index.php\/wp-json\/wp\/v2\/media?parent=4387"}],"wp:term":[{"taxonomy":"category","embeddable":true,"href":"https:\/\/dominiopolitico.mx\/index.php\/wp-json\/wp\/v2\/categories?post=4387"},{"taxonomy":"post_tag","embeddable":true,"href":"https:\/\/dominiopolitico.mx\/index.php\/wp-json\/wp\/v2\/tags?post=4387"}],"curies":[{"name":"wp","href":"https:\/\/api.w.org\/{rel}","templated":true}]}}